{"id":31236,"date":"2021-12-27T12:00:16","date_gmt":"2021-12-27T11:00:16","guid":{"rendered":"https:\/\/ccieurope.org\/?p=31236"},"modified":"2024-01-30T16:43:26","modified_gmt":"2024-01-30T15:43:26","slug":"la-journaliste-ayah-galal-integre-une-chaine-tv-du-connecticut","status":"publish","type":"post","link":"https:\/\/ccieurope.org\/en\/2021\/12\/27\/la-journaliste-ayah-galal-integre-une-chaine-tv-du-connecticut\/","title":{"rendered":"Ayah Galal, nouvelle pr\u00e9sentatrice du journal TV dans le Connecticut"},"content":{"rendered":"<p class=\"has-normal-font-size\">Dans un monde id\u00e9al o\u00f9 la libert\u00e9 religieuse ne serait pas consid\u00e9r\u00e9e comme une entrave \u00e0 la \u00ab&nbsp;neutralit\u00e9&nbsp;\u00bb journalistique et o\u00f9 les gens seraient consid\u00e9r\u00e9s en fonction de leurs comp\u00e9tences, l\u2019info serait banale. Mais dans le contexte que nous connaissons, il est important de relever l\u2019annonce faite par la journaliste Ayah Galal, qui a pr\u00e9sent\u00e9 son premier journal t\u00e9l\u00e9vis\u00e9 ce samedi 25 d\u00e9cembre sur la cha\u00eene am\u00e9ricaine WFSB (Connecticut).<\/p>\n\n\n\n<blockquote class=\"twitter-tweet\"><p lang=\"en\" dir=\"ltr\">Today was my first time anchoring at <a href=\"https:\/\/twitter.com\/WFSBnews?ref_src=twsrc%5Etfw\">@WFSBnews<\/a> and this marks the first time a woman in hijab has anchored in Connecticut! &#x1f9d5;&#x1f3fd;&#x1f3a5;&#x1f4fa;<br><br>Excited for this personal and professional milestone. Wishing a safe and happy Holidays to all! &#x2764;&#xfe0f; <a href=\"https:\/\/t.co\/FPL7cfTvqI\">pic.twitter.com\/FPL7cfTvqI<\/a><\/p>\u2014 Ayah Galal (@ayahgalal) <a href=\"https:\/\/twitter.com\/ayahgalal\/status\/1474731953530224643?ref_src=twsrc%5Etfw\">December 25, 2021<\/a><\/blockquote> <script async=\"\" src=\"https:\/\/platform.twitter.com\/widgets.js\" charset=\"utf-8\"><\/script>\n\n\n\n<p class=\"has-normal-font-size\">Comme l\u2019on not\u00e9 plusieurs m\u00e9dias am\u00e9ricains, Ayah Galal est la premi\u00e8re femme portant un foulard \u00e0 pr\u00e9senter le journal au Connecticut. Une mission que la journaliste, dipl\u00f4m\u00e9e en journalisme et en sciences politiques, est fi\u00e8re de porter : \u00ab&nbsp;c\u2019est un v\u00e9ritable honneur pour moi de pouvoir partager des r\u00e9cits dans l\u2019Etat o\u00f9 je vis&nbsp;\u00bb.<\/p>\n\n\n\n<p class=\"has-normal-font-size\">Ayah Galal a d\u00e9but\u00e9 en 2018 dans les coulisses de la cha\u00eene puis a suivi un parcours professionnel qui l\u2019a conduit au poste qu\u2019elle occupe aujourd\u2019hui et qu\u2019elle pensait au d\u00e9part impensable pour une personne portant un foulard.<\/p>\n\n\n\n<p class=\"has-normal-font-size\">Selon le <a href=\"https:\/\/www.ctinsider.com\/news\/amp\/WFSB-s-Galal-first-woman-wearing-a-hijab-to-16729051.php\" target=\"_blank\" rel=\"noreferrer noopener\">CT Insider, Ayah Galal a en effet confi\u00e9 avoir eu beaucoup de doutes sur son ambition<\/a>, notamment en raison de la mauvaise repr\u00e9sentation des musulmans dans les m\u00e9dias. Elle a pu compter sur le soutien de ses coll\u00e8gues \u00ab&nbsp;qui l\u2019ont encourag\u00e9e tout au long&nbsp;\u00bb, ce qui lui permet aujourd\u2019hui de contribuer positivement \u00e0 la repr\u00e9sentativit\u00e9 des musulmans dans l\u2019espace audiovisuel et d\u2019esp\u00e9rer pour les jeunes g\u00e9n\u00e9rations d\u2019\u00eatre fiers de leur diff\u00e9rence.&nbsp;<\/p>\n\n\n\n<p class=\"has-normal-font-size\">Bien qu\u2019elle ait re\u00e7u beaucoup de messages islamophobes offusqu\u00e9s de sa pr\u00e9sence \u00e0 l\u2019antenne, Ayah Galal t\u00e9moigne qu\u2019elle a re\u00e7u beaucoup plus de messages positifs et de soutiens.<\/p>","protected":false},"excerpt":{"rendered":"<p>Dans un monde id\u00e9al o\u00f9 la libert\u00e9 religieuse ne serait pas consid\u00e9r\u00e9e comme une entrave \u00e0 la \u00ab&nbsp;neutralit\u00e9&nbsp;\u00bb journalistique et o\u00f9 les gens seraient consid\u00e9r\u00e9s en fonction de leurs comp\u00e9tences, l\u2019info serait banale. Mais dans le contexte que nous connaissons, il est important de relever l\u2019annonce faite par la journaliste Ayah Galal, qui a pr\u00e9sent\u00e9 son premier journal t\u00e9l\u00e9vis\u00e9 ce samedi 25 d\u00e9cembre sur la cha\u00eene am\u00e9ricaine WFSB (Connecticut). Today was my first time anchoring at @WFSBnews and this marks the first time a woman in hijab has anchored in Connecticut! &#x1f9d5;&#x1f3fd;&#x1f3a5;&#x1f4fa; Excited for this personal and professional milestone. Wishing a safe and happy Holidays to all! &#x2764;&#xfe0f; pic.twitter.com\/FPL7cfTvqI \u2014 Ayah Galal (@ayahgalal) December 25, 2021 Comme l\u2019on not\u00e9 plusieurs m\u00e9dias am\u00e9ricains, Ayah Galal est la premi\u00e8re femme portant un foulard \u00e0 pr\u00e9senter le journal au Connecticut. Une mission que la journaliste, dipl\u00f4m\u00e9e en journalisme et en sciences politiques, est fi\u00e8re de porter : \u00ab&nbsp;c\u2019est un v\u00e9ritable honneur pour moi de pouvoir partager des r\u00e9cits dans l\u2019Etat o\u00f9 je vis&nbsp;\u00bb. Ayah Galal a d\u00e9but\u00e9 en 2018 dans les coulisses de la cha\u00eene puis a suivi un parcours professionnel qui l\u2019a conduit au poste qu\u2019elle occupe aujourd\u2019hui et qu\u2019elle pensait au d\u00e9part impensable pour une personne portant un foulard. Selon le CT Insider, Ayah Galal a en effet confi\u00e9 avoir eu beaucoup de doutes sur son ambition, notamment en raison de la mauvaise repr\u00e9sentation des musulmans dans les m\u00e9dias. Elle a pu compter sur le soutien de ses coll\u00e8gues \u00ab&nbsp;qui l\u2019ont encourag\u00e9e tout au long&nbsp;\u00bb, ce qui lui permet aujourd\u2019hui de contribuer positivement \u00e0 la repr\u00e9sentativit\u00e9 des musulmans dans l\u2019espace audiovisuel et d\u2019esp\u00e9rer pour les jeunes g\u00e9n\u00e9rations d\u2019\u00eatre fiers de leur diff\u00e9rence.&nbsp; Bien qu\u2019elle ait re\u00e7u beaucoup de messages islamophobes offusqu\u00e9s de sa pr\u00e9sence \u00e0 l\u2019antenne, Ayah Galal t\u00e9moigne qu\u2019elle a re\u00e7u beaucoup plus de messages positifs et de soutiens.<\/p>","protected":false},"author":1,"featured_media":31243,"comment_status":"closed","ping_status":"open","sticky":false,"template":"","format":"standard","meta":{"give_campaign_id":0,"cybocfi_hide_featured_image":"","footnotes":""},"categories":[65],"tags":[],"class_list":["post-31236","post","type-post","status-publish","format-standard","has-post-thumbnail","hentry","category-actualites"],"yoast_head":"<!-- This site is optimized with the Yoast SEO plugin v26.4 - https:\/\/yoast.com\/wordpress\/plugins\/seo\/ -->\n<title>Ayah Galal, nouvelle pr\u00e9sentatrice du journal TV dans le Connecticut - CCIE<\/title>\n<meta name=\"robots\" content=\"index, follow, max-snippet:-1, max-image-preview:large, max-video-preview:-1\" \/>\n<link rel=\"canonical\" href=\"https:\/\/ccieurope.org\/en\/2021\/12\/27\/la-journaliste-ayah-galal-integre-une-chaine-tv-du-connecticut\/\" \/>\n<meta property=\"og:locale\" content=\"en_GB\" \/>\n<meta property=\"og:type\" content=\"article\" \/>\n<meta property=\"og:title\" content=\"Ayah Galal, nouvelle pr\u00e9sentatrice du journal TV dans le Connecticut - CCIE\" \/>\n<meta property=\"og:description\" content=\"Dans un monde id\u00e9al o\u00f9 la libert\u00e9 religieuse ne serait pas consid\u00e9r\u00e9e comme une entrave \u00e0 la \u00ab&nbsp;neutralit\u00e9&nbsp;\u00bb journalistique et o\u00f9 les gens seraient consid\u00e9r\u00e9s en fonction de leurs comp\u00e9tences, l\u2019info serait banale. Mais dans le contexte que nous connaissons, il est important de relever l\u2019annonce faite par la journaliste Ayah Galal, qui a pr\u00e9sent\u00e9 son premier journal t\u00e9l\u00e9vis\u00e9 ce samedi 25 d\u00e9cembre sur la cha\u00eene am\u00e9ricaine WFSB (Connecticut). Today was my first time anchoring at @WFSBnews and this marks the first time a woman in hijab has anchored in Connecticut! &#x1f9d5;&#x1f3fd;&#x1f3a5;&#x1f4fa; Excited for this personal and professional milestone. Wishing a safe and happy Holidays to all! &#x2764;&#xfe0f; pic.twitter.com\/FPL7cfTvqI \u2014 Ayah Galal (@ayahgalal) December 25, 2021 Comme l\u2019on not\u00e9 plusieurs m\u00e9dias am\u00e9ricains, Ayah Galal est la premi\u00e8re femme portant un foulard \u00e0 pr\u00e9senter le journal au Connecticut. Une mission que la journaliste, dipl\u00f4m\u00e9e en journalisme et en sciences politiques, est fi\u00e8re de porter : \u00ab&nbsp;c\u2019est un v\u00e9ritable honneur pour moi de pouvoir partager des r\u00e9cits dans l\u2019Etat o\u00f9 je vis&nbsp;\u00bb. Ayah Galal a d\u00e9but\u00e9 en 2018 dans les coulisses de la cha\u00eene puis a suivi un parcours professionnel qui l\u2019a conduit au poste qu\u2019elle occupe aujourd\u2019hui et qu\u2019elle pensait au d\u00e9part impensable pour une personne portant un foulard. Selon le CT Insider, Ayah Galal a en effet confi\u00e9 avoir eu beaucoup de doutes sur son ambition, notamment en raison de la mauvaise repr\u00e9sentation des musulmans dans les m\u00e9dias. Elle a pu compter sur le soutien de ses coll\u00e8gues \u00ab&nbsp;qui l\u2019ont encourag\u00e9e tout au long&nbsp;\u00bb, ce qui lui permet aujourd\u2019hui de contribuer positivement \u00e0 la repr\u00e9sentativit\u00e9 des musulmans dans l\u2019espace audiovisuel et d\u2019esp\u00e9rer pour les jeunes g\u00e9n\u00e9rations d\u2019\u00eatre fiers de leur diff\u00e9rence.&nbsp; Bien qu\u2019elle ait re\u00e7u beaucoup de messages islamophobes offusqu\u00e9s de sa pr\u00e9sence \u00e0 l\u2019antenne, Ayah Galal t\u00e9moigne qu\u2019elle a re\u00e7u beaucoup plus de messages positifs et de soutiens.\" \/>\n<meta property=\"og:url\" content=\"https:\/\/ccieurope.org\/en\/2021\/12\/27\/la-journaliste-ayah-galal-integre-une-chaine-tv-du-connecticut\/\" \/>\n<meta property=\"og:site_name\" content=\"CCIE\" \/>\n<meta property=\"article:publisher\" content=\"https:\/\/www.facebook.com\/ccieurope.org\" \/>\n<meta property=\"article:published_time\" content=\"2021-12-27T11:00:16+00:00\" \/>\n<meta property=\"article:modified_time\" content=\"2024-01-30T15:43:26+00:00\" \/>\n<meta name=\"author\" content=\"CCIE\" \/>\n<meta name=\"twitter:card\" content=\"summary_large_image\" \/>\n<meta name=\"twitter:creator\" content=\"@CCIEurope\" \/>\n<meta name=\"twitter:site\" content=\"@CCIEurope\" \/>\n<meta name=\"twitter:label1\" content=\"Written by\" \/>\n\t<meta name=\"twitter:data1\" content=\"CCIE\" \/>\n\t<meta name=\"twitter:label2\" content=\"Estimated reading time\" \/>\n\t<meta name=\"twitter:data2\" content=\"2 minutes\" \/>\n<script type=\"application\/ld+json\" class=\"yoast-schema-graph\">{\"@context\":\"https:\/\/schema.org\",\"@graph\":[{\"@type\":\"Article\",\"@id\":\"https:\/\/ccieurope.org\/2021\/12\/27\/la-journaliste-ayah-galal-integre-une-chaine-tv-du-connecticut\/#article\",\"isPartOf\":{\"@id\":\"https:\/\/ccieurope.org\/2021\/12\/27\/la-journaliste-ayah-galal-integre-une-chaine-tv-du-connecticut\/\"},\"author\":{\"name\":\"CCIE\",\"@id\":\"https:\/\/ccieurope.org\/#\/schema\/person\/4f79fdec292029b6b4c5daad08e5892f\"},\"headline\":\"Ayah Galal, nouvelle pr\u00e9sentatrice du journal TV dans le Connecticut\",\"datePublished\":\"2021-12-27T11:00:16+00:00\",\"dateModified\":\"2024-01-30T15:43:26+00:00\",\"mainEntityOfPage\":{\"@id\":\"https:\/\/ccieurope.org\/2021\/12\/27\/la-journaliste-ayah-galal-integre-une-chaine-tv-du-connecticut\/\"},\"wordCount\":389,\"publisher\":{\"@id\":\"https:\/\/ccieurope.org\/#organization\"},\"image\":{\"@id\":\"https:\/\/ccieurope.org\/2021\/12\/27\/la-journaliste-ayah-galal-integre-une-chaine-tv-du-connecticut\/#primaryimage\"},\"thumbnailUrl\":\"\",\"articleSection\":[\"Actualit\u00e9s\"],\"inLanguage\":\"en-GB\"},{\"@type\":\"WebPage\",\"@id\":\"https:\/\/ccieurope.org\/2021\/12\/27\/la-journaliste-ayah-galal-integre-une-chaine-tv-du-connecticut\/\",\"url\":\"https:\/\/ccieurope.org\/2021\/12\/27\/la-journaliste-ayah-galal-integre-une-chaine-tv-du-connecticut\/\",\"name\":\"Ayah Galal, nouvelle pr\u00e9sentatrice du journal TV dans le Connecticut - CCIE\",\"isPartOf\":{\"@id\":\"https:\/\/ccieurope.org\/#website\"},\"primaryImageOfPage\":{\"@id\":\"https:\/\/ccieurope.org\/2021\/12\/27\/la-journaliste-ayah-galal-integre-une-chaine-tv-du-connecticut\/#primaryimage\"},\"image\":{\"@id\":\"https:\/\/ccieurope.org\/2021\/12\/27\/la-journaliste-ayah-galal-integre-une-chaine-tv-du-connecticut\/#primaryimage\"},\"thumbnailUrl\":\"\",\"datePublished\":\"2021-12-27T11:00:16+00:00\",\"dateModified\":\"2024-01-30T15:43:26+00:00\",\"breadcrumb\":{\"@id\":\"https:\/\/ccieurope.org\/2021\/12\/27\/la-journaliste-ayah-galal-integre-une-chaine-tv-du-connecticut\/#breadcrumb\"},\"inLanguage\":\"en-GB\",\"potentialAction\":[{\"@type\":\"ReadAction\",\"target\":[\"https:\/\/ccieurope.org\/2021\/12\/27\/la-journaliste-ayah-galal-integre-une-chaine-tv-du-connecticut\/\"]}]},{\"@type\":\"ImageObject\",\"inLanguage\":\"en-GB\",\"@id\":\"https:\/\/ccieurope.org\/2021\/12\/27\/la-journaliste-ayah-galal-integre-une-chaine-tv-du-connecticut\/#primaryimage\",\"url\":\"\",\"contentUrl\":\"\"},{\"@type\":\"BreadcrumbList\",\"@id\":\"https:\/\/ccieurope.org\/2021\/12\/27\/la-journaliste-ayah-galal-integre-une-chaine-tv-du-connecticut\/#breadcrumb\",\"itemListElement\":[{\"@type\":\"ListItem\",\"position\":1,\"name\":\"Accueil\",\"item\":\"https:\/\/ccieurope.org\/\"},{\"@type\":\"ListItem\",\"position\":2,\"name\":\"Ayah Galal, nouvelle pr\u00e9sentatrice du journal TV dans le Connecticut\"}]},{\"@type\":\"WebSite\",\"@id\":\"https:\/\/ccieurope.org\/#website\",\"url\":\"https:\/\/ccieurope.org\/\",\"name\":\"CCIE\",\"description\":\"Collectif Contre l&#039;Islamophobie en Europe\",\"publisher\":{\"@id\":\"https:\/\/ccieurope.org\/#organization\"},\"potentialAction\":[{\"@type\":\"SearchAction\",\"target\":{\"@type\":\"EntryPoint\",\"urlTemplate\":\"https:\/\/ccieurope.org\/?s={search_term_string}\"},\"query-input\":{\"@type\":\"PropertyValueSpecification\",\"valueRequired\":true,\"valueName\":\"search_term_string\"}}],\"inLanguage\":\"en-GB\"},{\"@type\":\"Organization\",\"@id\":\"https:\/\/ccieurope.org\/#organization\",\"name\":\"CCIE\",\"url\":\"https:\/\/ccieurope.org\/\",\"logo\":{\"@type\":\"ImageObject\",\"inLanguage\":\"en-GB\",\"@id\":\"https:\/\/ccieurope.org\/#\/schema\/logo\/image\/\",\"url\":\"https:\/\/ccieurope.org\/wp-content\/uploads\/2021\/02\/Groupe-11.png\",\"contentUrl\":\"https:\/\/ccieurope.org\/wp-content\/uploads\/2021\/02\/Groupe-11.png\",\"width\":539,\"height\":307,\"caption\":\"CCIE\"},\"image\":{\"@id\":\"https:\/\/ccieurope.org\/#\/schema\/logo\/image\/\"},\"sameAs\":[\"https:\/\/www.facebook.com\/ccieurope.org\",\"https:\/\/x.com\/CCIEurope\",\"https:\/\/www.instagram.com\/ccieofficial\/\"]},{\"@type\":\"Person\",\"@id\":\"https:\/\/ccieurope.org\/#\/schema\/person\/4f79fdec292029b6b4c5daad08e5892f\",\"name\":\"CCIE\",\"image\":{\"@type\":\"ImageObject\",\"inLanguage\":\"en-GB\",\"@id\":\"https:\/\/ccieurope.org\/#\/schema\/person\/image\/\",\"url\":\"https:\/\/secure.gravatar.com\/avatar\/8ef1e6e0853254fe8a5f8e1d34431357ecdb44101307e8b7f4088a5d15467cbf?s=96&d=mm&r=g\",\"contentUrl\":\"https:\/\/secure.gravatar.com\/avatar\/8ef1e6e0853254fe8a5f8e1d34431357ecdb44101307e8b7f4088a5d15467cbf?s=96&d=mm&r=g\",\"caption\":\"CCIE\"},\"sameAs\":[\"https:\/\/prime.ccieurope.org\"],\"url\":\"https:\/\/ccieurope.org\/en\/author\/ccieprime\/\"}]}<\/script>\n<!-- \/ Yoast SEO plugin. -->","yoast_head_json":{"title":"Ayah Galal, nouvelle pr\u00e9sentatrice du journal TV dans le Connecticut - CCIE","robots":{"index":"index","follow":"follow","max-snippet":"max-snippet:-1","max-image-preview":"max-image-preview:large","max-video-preview":"max-video-preview:-1"},"canonical":"https:\/\/ccieurope.org\/en\/2021\/12\/27\/la-journaliste-ayah-galal-integre-une-chaine-tv-du-connecticut\/","og_locale":"en_GB","og_type":"article","og_title":"Ayah Galal, nouvelle pr\u00e9sentatrice du journal TV dans le Connecticut - CCIE","og_description":"Dans un monde id\u00e9al o\u00f9 la libert\u00e9 religieuse ne serait pas consid\u00e9r\u00e9e comme une entrave \u00e0 la \u00ab&nbsp;neutralit\u00e9&nbsp;\u00bb journalistique et o\u00f9 les gens seraient consid\u00e9r\u00e9s en fonction de leurs comp\u00e9tences, l\u2019info serait banale. Mais dans le contexte que nous connaissons, il est important de relever l\u2019annonce faite par la journaliste Ayah Galal, qui a pr\u00e9sent\u00e9 son premier journal t\u00e9l\u00e9vis\u00e9 ce samedi 25 d\u00e9cembre sur la cha\u00eene am\u00e9ricaine WFSB (Connecticut). Today was my first time anchoring at @WFSBnews and this marks the first time a woman in hijab has anchored in Connecticut! &#x1f9d5;&#x1f3fd;&#x1f3a5;&#x1f4fa; Excited for this personal and professional milestone. Wishing a safe and happy Holidays to all! &#x2764;&#xfe0f; pic.twitter.com\/FPL7cfTvqI \u2014 Ayah Galal (@ayahgalal) December 25, 2021 Comme l\u2019on not\u00e9 plusieurs m\u00e9dias am\u00e9ricains, Ayah Galal est la premi\u00e8re femme portant un foulard \u00e0 pr\u00e9senter le journal au Connecticut. Une mission que la journaliste, dipl\u00f4m\u00e9e en journalisme et en sciences politiques, est fi\u00e8re de porter : \u00ab&nbsp;c\u2019est un v\u00e9ritable honneur pour moi de pouvoir partager des r\u00e9cits dans l\u2019Etat o\u00f9 je vis&nbsp;\u00bb. Ayah Galal a d\u00e9but\u00e9 en 2018 dans les coulisses de la cha\u00eene puis a suivi un parcours professionnel qui l\u2019a conduit au poste qu\u2019elle occupe aujourd\u2019hui et qu\u2019elle pensait au d\u00e9part impensable pour une personne portant un foulard. Selon le CT Insider, Ayah Galal a en effet confi\u00e9 avoir eu beaucoup de doutes sur son ambition, notamment en raison de la mauvaise repr\u00e9sentation des musulmans dans les m\u00e9dias. Elle a pu compter sur le soutien de ses coll\u00e8gues \u00ab&nbsp;qui l\u2019ont encourag\u00e9e tout au long&nbsp;\u00bb, ce qui lui permet aujourd\u2019hui de contribuer positivement \u00e0 la repr\u00e9sentativit\u00e9 des musulmans dans l\u2019espace audiovisuel et d\u2019esp\u00e9rer pour les jeunes g\u00e9n\u00e9rations d\u2019\u00eatre fiers de leur diff\u00e9rence.&nbsp; Bien qu\u2019elle ait re\u00e7u beaucoup de messages islamophobes offusqu\u00e9s de sa pr\u00e9sence \u00e0 l\u2019antenne, Ayah Galal t\u00e9moigne qu\u2019elle a re\u00e7u beaucoup plus de messages positifs et de soutiens.","og_url":"https:\/\/ccieurope.org\/en\/2021\/12\/27\/la-journaliste-ayah-galal-integre-une-chaine-tv-du-connecticut\/","og_site_name":"CCIE","article_publisher":"https:\/\/www.facebook.com\/ccieurope.org","article_published_time":"2021-12-27T11:00:16+00:00","article_modified_time":"2024-01-30T15:43:26+00:00","author":"CCIE","twitter_card":"summary_large_image","twitter_creator":"@CCIEurope","twitter_site":"@CCIEurope","twitter_misc":{"Written by":"CCIE","Estimated reading time":"2 minutes"},"schema":{"@context":"https:\/\/schema.org","@graph":[{"@type":"Article","@id":"https:\/\/ccieurope.org\/2021\/12\/27\/la-journaliste-ayah-galal-integre-une-chaine-tv-du-connecticut\/#article","isPartOf":{"@id":"https:\/\/ccieurope.org\/2021\/12\/27\/la-journaliste-ayah-galal-integre-une-chaine-tv-du-connecticut\/"},"author":{"name":"CCIE","@id":"https:\/\/ccieurope.org\/#\/schema\/person\/4f79fdec292029b6b4c5daad08e5892f"},"headline":"Ayah Galal, nouvelle pr\u00e9sentatrice du journal TV dans le Connecticut","datePublished":"2021-12-27T11:00:16+00:00","dateModified":"2024-01-30T15:43:26+00:00","mainEntityOfPage":{"@id":"https:\/\/ccieurope.org\/2021\/12\/27\/la-journaliste-ayah-galal-integre-une-chaine-tv-du-connecticut\/"},"wordCount":389,"publisher":{"@id":"https:\/\/ccieurope.org\/#organization"},"image":{"@id":"https:\/\/ccieurope.org\/2021\/12\/27\/la-journaliste-ayah-galal-integre-une-chaine-tv-du-connecticut\/#primaryimage"},"thumbnailUrl":"","articleSection":["Actualit\u00e9s"],"inLanguage":"en-GB"},{"@type":"WebPage","@id":"https:\/\/ccieurope.org\/2021\/12\/27\/la-journaliste-ayah-galal-integre-une-chaine-tv-du-connecticut\/","url":"https:\/\/ccieurope.org\/2021\/12\/27\/la-journaliste-ayah-galal-integre-une-chaine-tv-du-connecticut\/","name":"Ayah Galal, nouvelle pr\u00e9sentatrice du journal TV dans le Connecticut - CCIE","isPartOf":{"@id":"https:\/\/ccieurope.org\/#website"},"primaryImageOfPage":{"@id":"https:\/\/ccieurope.org\/2021\/12\/27\/la-journaliste-ayah-galal-integre-une-chaine-tv-du-connecticut\/#primaryimage"},"image":{"@id":"https:\/\/ccieurope.org\/2021\/12\/27\/la-journaliste-ayah-galal-integre-une-chaine-tv-du-connecticut\/#primaryimage"},"thumbnailUrl":"","datePublished":"2021-12-27T11:00:16+00:00","dateModified":"2024-01-30T15:43:26+00:00","breadcrumb":{"@id":"https:\/\/ccieurope.org\/2021\/12\/27\/la-journaliste-ayah-galal-integre-une-chaine-tv-du-connecticut\/#breadcrumb"},"inLanguage":"en-GB","potentialAction":[{"@type":"ReadAction","target":["https:\/\/ccieurope.org\/2021\/12\/27\/la-journaliste-ayah-galal-integre-une-chaine-tv-du-connecticut\/"]}]},{"@type":"ImageObject","inLanguage":"en-GB","@id":"https:\/\/ccieurope.org\/2021\/12\/27\/la-journaliste-ayah-galal-integre-une-chaine-tv-du-connecticut\/#primaryimage","url":"","contentUrl":""},{"@type":"BreadcrumbList","@id":"https:\/\/ccieurope.org\/2021\/12\/27\/la-journaliste-ayah-galal-integre-une-chaine-tv-du-connecticut\/#breadcrumb","itemListElement":[{"@type":"ListItem","position":1,"name":"Accueil","item":"https:\/\/ccieurope.org\/"},{"@type":"ListItem","position":2,"name":"Ayah Galal, nouvelle pr\u00e9sentatrice du journal TV dans le Connecticut"}]},{"@type":"WebSite","@id":"https:\/\/ccieurope.org\/#website","url":"https:\/\/ccieurope.org\/","name":"CCIE","description":"Collectif Contre l&#039;Islamophobie en Europe","publisher":{"@id":"https:\/\/ccieurope.org\/#organization"},"potentialAction":[{"@type":"SearchAction","target":{"@type":"EntryPoint","urlTemplate":"https:\/\/ccieurope.org\/?s={search_term_string}"},"query-input":{"@type":"PropertyValueSpecification","valueRequired":true,"valueName":"search_term_string"}}],"inLanguage":"en-GB"},{"@type":"Organization","@id":"https:\/\/ccieurope.org\/#organization","name":"CCIE","url":"https:\/\/ccieurope.org\/","logo":{"@type":"ImageObject","inLanguage":"en-GB","@id":"https:\/\/ccieurope.org\/#\/schema\/logo\/image\/","url":"https:\/\/ccieurope.org\/wp-content\/uploads\/2021\/02\/Groupe-11.png","contentUrl":"https:\/\/ccieurope.org\/wp-content\/uploads\/2021\/02\/Groupe-11.png","width":539,"height":307,"caption":"CCIE"},"image":{"@id":"https:\/\/ccieurope.org\/#\/schema\/logo\/image\/"},"sameAs":["https:\/\/www.facebook.com\/ccieurope.org","https:\/\/x.com\/CCIEurope","https:\/\/www.instagram.com\/ccieofficial\/"]},{"@type":"Person","@id":"https:\/\/ccieurope.org\/#\/schema\/person\/4f79fdec292029b6b4c5daad08e5892f","name":"CCIE","image":{"@type":"ImageObject","inLanguage":"en-GB","@id":"https:\/\/ccieurope.org\/#\/schema\/person\/image\/","url":"https:\/\/secure.gravatar.com\/avatar\/8ef1e6e0853254fe8a5f8e1d34431357ecdb44101307e8b7f4088a5d15467cbf?s=96&d=mm&r=g","contentUrl":"https:\/\/secure.gravatar.com\/avatar\/8ef1e6e0853254fe8a5f8e1d34431357ecdb44101307e8b7f4088a5d15467cbf?s=96&d=mm&r=g","caption":"CCIE"},"sameAs":["https:\/\/prime.ccieurope.org"],"url":"https:\/\/ccieurope.org\/en\/author\/ccieprime\/"}]}},"_links":{"self":[{"href":"https:\/\/ccieurope.org\/en\/wp-json\/wp\/v2\/posts\/31236","targetHints":{"allow":["GET"]}}],"collection":[{"href":"https:\/\/ccieurope.org\/en\/wp-json\/wp\/v2\/posts"}],"about":[{"href":"https:\/\/ccieurope.org\/en\/wp-json\/wp\/v2\/types\/post"}],"author":[{"embeddable":true,"href":"https:\/\/ccieurope.org\/en\/wp-json\/wp\/v2\/users\/1"}],"replies":[{"embeddable":true,"href":"https:\/\/ccieurope.org\/en\/wp-json\/wp\/v2\/comments?post=31236"}],"version-history":[{"count":1,"href":"https:\/\/ccieurope.org\/en\/wp-json\/wp\/v2\/posts\/31236\/revisions"}],"predecessor-version":[{"id":33617,"href":"https:\/\/ccieurope.org\/en\/wp-json\/wp\/v2\/posts\/31236\/revisions\/33617"}],"wp:featuredmedia":[{"embeddable":true,"href":"https:\/\/ccieurope.org\/en\/wp-json\/"}],"wp:attachment":[{"href":"https:\/\/ccieurope.org\/en\/wp-json\/wp\/v2\/media?parent=31236"}],"wp:term":[{"taxonomy":"category","embeddable":true,"href":"https:\/\/ccieurope.org\/en\/wp-json\/wp\/v2\/categories?post=31236"},{"taxonomy":"post_tag","embeddable":true,"href":"https:\/\/ccieurope.org\/en\/wp-json\/wp\/v2\/tags?post=31236"}],"curies":[{"name":"wp","href":"https:\/\/api.w.org\/{rel}","templated":true}]}}