{"id":31450,"date":"2022-02-09T17:22:05","date_gmt":"2022-02-09T16:22:05","guid":{"rendered":"https:\/\/ccieurope.org\/?p=31450"},"modified":"2024-01-30T16:43:26","modified_gmt":"2024-01-30T15:43:26","slug":"sport-la-prefecture-de-police-de-paris-interdit-une-manifestation-des-hijabeuses","status":"publish","type":"post","link":"https:\/\/ccieurope.org\/en\/2022\/02\/09\/sport-la-prefecture-de-police-de-paris-interdit-une-manifestation-des-hijabeuses\/","title":{"rendered":"Sport : la pr\u00e9fecture de police de Paris interdit une manifestation des \u00ab\u00a0hijabeuses\u00a0\u00bb"},"content":{"rendered":"<p>La pr\u00e9fecture de police de Paris a annonc\u00e9, ce mardi 8 f\u00e9vrier, interdire la manifestation des \u00ab Hijabeuses \u00bb pr\u00e9vue ce mercredi. Ce collectif milite pour lever l&rsquo;amendement qui entend interdire le port du foulard lors des comp\u00e9titions sportives organis\u00e9es par les f\u00e9d\u00e9rations et les associations affili\u00e9es.<\/p>\n\n\n\n<blockquote class=\"twitter-tweet\"><p lang=\"fr\" dir=\"ltr\">La prefecture suspend les Hijabeuses !<br>Une fois de plus, on emp\u00eache les femmes de jouer.. on vous explique tout en d\u00e9tails. <a href=\"https:\/\/twitter.com\/hashtag\/LetUsPlay?src=hash&amp;ref_src=twsrc%5Etfw\">#LetUsPlay<\/a> <a href=\"https:\/\/twitter.com\/hashtag\/LaissezNousJouer?src=hash&amp;ref_src=twsrc%5Etfw\">#LaissezNousJouer<\/a> <a href=\"https:\/\/twitter.com\/hashtag\/Footballpourtoutes?src=hash&amp;ref_src=twsrc%5Etfw\">#Footballpourtoutes<\/a> <a href=\"https:\/\/twitter.com\/hashtag\/SportPourToutes?src=hash&amp;ref_src=twsrc%5Etfw\">#SportPourToutes<\/a> <a href=\"https:\/\/t.co\/mlqOxDiu0L\">pic.twitter.com\/mlqOxDiu0L<\/a><\/p>\u2014 Les Hijabeuses (@leshijabeuses) <a href=\"https:\/\/twitter.com\/leshijabeuses\/status\/1491150929101729793?ref_src=twsrc%5Etfw\">February 8, 2022<\/a><\/blockquote> <script async=\"\" src=\"https:\/\/platform.twitter.com\/widgets.js\" charset=\"utf-8\"><\/script>\n\n\n\n<p>Le collectif avait appel\u00e9 au rassemblement sur l\u2019esplanade des Invalides o\u00f9 \u00ab matchs de foot avec les hijabeuses, les alli\u00e9.e.s et les \u00e9lu.e.s \u00bb \u00e9taient au programme. Mais, l\u2019arr\u00eat\u00e9 de la pr\u00e9fecture de police soutient que \u00ab la manifestation projet\u00e9e est de nature \u00e0 troubler l\u2019ordre public \u00bb.<\/p>\n\n\n\n<p>L\u2019argumentaire de cette interdiction est par ailleurs vide de sens, \u00e9voquant \u00ab l\u2019islam politique, qui pr\u00f4ne le port du voile \u00bb, \u00ab l\u2019\u00e9galit\u00e9 entre les femmes et les hommes \u00bb, la situation des femmes dans certains pays comme \u00ab l\u2019Iran et l\u2019Afghanistan \u00bb, le \u00ab patriarcat religieux \u00bb ou encore le reportage de Zone Interdite, diffus\u00e9 le 23 janvier dernier sur \u00ab l\u2019islam radical \u00bb.<\/p>\n\n\n\n<p>Le collectif a r\u00e9agi \u00e0 cette interdiction en d\u00e9non\u00e7ant une d\u00e9cision \u00ab arbitraire, injuste et disproportionn\u00e9e \u00bb.<\/p>\n\n\n\n<blockquote class=\"wp-block-quote is-layout-flow wp-block-quote-is-layout-flow\"><p>Les arguments avanc\u00e9s par le pr\u00e9fet sont scandaleux et ne reposent sur rien d\u2019autre que des pr\u00e9jug\u00e9s racistes et une confusion politique d\u00e9lib\u00e9r\u00e9ment entretenue.<\/p><cite>Les Hijabeuses &#8211; Twitter<\/cite><\/blockquote>\n\n\n\n<p>Elles annoncent \u00e9galement avoir saisi le tribunal pour contester l\u2019arr\u00eat\u00e9 pr\u00e9fectoral, qui le suspend finalement.<\/p>\n\n\n\n<p>La manifestation des hijabeuses fait suite \u00e0 l&rsquo;amendement dans le cadre du projet de loi sur la d\u00e9mocratisation du sport. D\u00e9put\u00e9s et s\u00e9nateurs s\u2019opposent encore sur la question. Le texte doit \u00eatre rediscut\u00e9 ce mercredi \u00e0 l\u2019Assembl\u00e9e nationale.<\/p>","protected":false},"excerpt":{"rendered":"<p>La pr\u00e9fecture de police de Paris a annonc\u00e9, ce mardi 8 f\u00e9vrier, interdire la manifestation des \u00ab Hijabeuses \u00bb pr\u00e9vue ce mercredi. Ce collectif milite pour lever l&rsquo;amendement qui entend interdire le port du foulard lors des comp\u00e9titions sportives organis\u00e9es par les f\u00e9d\u00e9rations et les associations affili\u00e9es. La prefecture suspend les Hijabeuses !Une fois de plus, on emp\u00eache les femmes de jouer.. on vous explique tout en d\u00e9tails. #LetUsPlay #LaissezNousJouer #Footballpourtoutes #SportPourToutes pic.twitter.com\/mlqOxDiu0L \u2014 Les Hijabeuses (@leshijabeuses) February 8, 2022 Le collectif avait appel\u00e9 au rassemblement sur l\u2019esplanade des Invalides o\u00f9 \u00ab matchs de foot avec les hijabeuses, les alli\u00e9.e.s et les \u00e9lu.e.s \u00bb \u00e9taient au programme. Mais, l\u2019arr\u00eat\u00e9 de la pr\u00e9fecture de police soutient que \u00ab la manifestation projet\u00e9e est de nature \u00e0 troubler l\u2019ordre public \u00bb. L\u2019argumentaire de cette interdiction est par ailleurs vide de sens, \u00e9voquant \u00ab l\u2019islam politique, qui pr\u00f4ne le port du voile \u00bb, \u00ab l\u2019\u00e9galit\u00e9 entre les femmes et les hommes \u00bb, la situation des femmes dans certains pays comme \u00ab l\u2019Iran et l\u2019Afghanistan \u00bb, le \u00ab patriarcat religieux \u00bb ou encore le reportage de Zone Interdite, diffus\u00e9 le 23 janvier dernier sur \u00ab l\u2019islam radical \u00bb. Le collectif a r\u00e9agi \u00e0 cette interdiction en d\u00e9non\u00e7ant une d\u00e9cision \u00ab arbitraire, injuste et disproportionn\u00e9e \u00bb. Les arguments avanc\u00e9s par le pr\u00e9fet sont scandaleux et ne reposent sur rien d\u2019autre que des pr\u00e9jug\u00e9s racistes et une confusion politique d\u00e9lib\u00e9r\u00e9ment entretenue. Les Hijabeuses &#8211; Twitter Elles annoncent \u00e9galement avoir saisi le tribunal pour contester l\u2019arr\u00eat\u00e9 pr\u00e9fectoral, qui le suspend finalement. La manifestation des hijabeuses fait suite \u00e0 l&rsquo;amendement dans le cadre du projet de loi sur la d\u00e9mocratisation du sport. D\u00e9put\u00e9s et s\u00e9nateurs s\u2019opposent encore sur la question. Le texte doit \u00eatre rediscut\u00e9 ce mercredi \u00e0 l\u2019Assembl\u00e9e nationale.<\/p>","protected":false},"author":1,"featured_media":31453,"comment_status":"closed","ping_status":"open","sticky":false,"template":"","format":"standard","meta":{"give_campaign_id":0,"cybocfi_hide_featured_image":"","footnotes":""},"categories":[65],"tags":[],"class_list":["post-31450","post","type-post","status-publish","format-standard","has-post-thumbnail","hentry","category-actualites"],"yoast_head":"<!-- This site is optimized with the Yoast SEO plugin v26.4 - https:\/\/yoast.com\/wordpress\/plugins\/seo\/ -->\n<title>Sport : la pr\u00e9fecture de police de Paris interdit une manifestation des &quot;hijabeuses&quot; - CCIE<\/title>\n<meta name=\"robots\" content=\"index, follow, max-snippet:-1, max-image-preview:large, max-video-preview:-1\" \/>\n<link rel=\"canonical\" href=\"https:\/\/ccieurope.org\/en\/2022\/02\/09\/sport-la-prefecture-de-police-de-paris-interdit-une-manifestation-des-hijabeuses\/\" \/>\n<meta property=\"og:locale\" content=\"en_GB\" \/>\n<meta property=\"og:type\" content=\"article\" \/>\n<meta property=\"og:title\" content=\"Sport : la pr\u00e9fecture de police de Paris interdit une manifestation des &quot;hijabeuses&quot; - CCIE\" \/>\n<meta property=\"og:description\" content=\"La pr\u00e9fecture de police de Paris a annonc\u00e9, ce mardi 8 f\u00e9vrier, interdire la manifestation des \u00ab Hijabeuses \u00bb pr\u00e9vue ce mercredi. Ce collectif milite pour lever l&rsquo;amendement qui entend interdire le port du foulard lors des comp\u00e9titions sportives organis\u00e9es par les f\u00e9d\u00e9rations et les associations affili\u00e9es. La prefecture suspend les Hijabeuses !Une fois de plus, on emp\u00eache les femmes de jouer.. on vous explique tout en d\u00e9tails. #LetUsPlay #LaissezNousJouer #Footballpourtoutes #SportPourToutes pic.twitter.com\/mlqOxDiu0L \u2014 Les Hijabeuses (@leshijabeuses) February 8, 2022 Le collectif avait appel\u00e9 au rassemblement sur l\u2019esplanade des Invalides o\u00f9 \u00ab matchs de foot avec les hijabeuses, les alli\u00e9.e.s et les \u00e9lu.e.s \u00bb \u00e9taient au programme. Mais, l\u2019arr\u00eat\u00e9 de la pr\u00e9fecture de police soutient que \u00ab la manifestation projet\u00e9e est de nature \u00e0 troubler l\u2019ordre public \u00bb. L\u2019argumentaire de cette interdiction est par ailleurs vide de sens, \u00e9voquant \u00ab l\u2019islam politique, qui pr\u00f4ne le port du voile \u00bb, \u00ab l\u2019\u00e9galit\u00e9 entre les femmes et les hommes \u00bb, la situation des femmes dans certains pays comme \u00ab l\u2019Iran et l\u2019Afghanistan \u00bb, le \u00ab patriarcat religieux \u00bb ou encore le reportage de Zone Interdite, diffus\u00e9 le 23 janvier dernier sur \u00ab l\u2019islam radical \u00bb. Le collectif a r\u00e9agi \u00e0 cette interdiction en d\u00e9non\u00e7ant une d\u00e9cision \u00ab arbitraire, injuste et disproportionn\u00e9e \u00bb. Les arguments avanc\u00e9s par le pr\u00e9fet sont scandaleux et ne reposent sur rien d\u2019autre que des pr\u00e9jug\u00e9s racistes et une confusion politique d\u00e9lib\u00e9r\u00e9ment entretenue. Les Hijabeuses &#8211; Twitter Elles annoncent \u00e9galement avoir saisi le tribunal pour contester l\u2019arr\u00eat\u00e9 pr\u00e9fectoral, qui le suspend finalement. La manifestation des hijabeuses fait suite \u00e0 l&rsquo;amendement dans le cadre du projet de loi sur la d\u00e9mocratisation du sport. D\u00e9put\u00e9s et s\u00e9nateurs s\u2019opposent encore sur la question. Le texte doit \u00eatre rediscut\u00e9 ce mercredi \u00e0 l\u2019Assembl\u00e9e nationale.\" \/>\n<meta property=\"og:url\" content=\"https:\/\/ccieurope.org\/en\/2022\/02\/09\/sport-la-prefecture-de-police-de-paris-interdit-une-manifestation-des-hijabeuses\/\" \/>\n<meta property=\"og:site_name\" content=\"CCIE\" \/>\n<meta property=\"article:publisher\" content=\"https:\/\/www.facebook.com\/ccieurope.org\" \/>\n<meta property=\"article:published_time\" content=\"2022-02-09T16:22:05+00:00\" \/>\n<meta property=\"article:modified_time\" content=\"2024-01-30T15:43:26+00:00\" \/>\n<meta name=\"author\" content=\"CCIE\" \/>\n<meta name=\"twitter:card\" content=\"summary_large_image\" \/>\n<meta name=\"twitter:creator\" content=\"@CCIEurope\" \/>\n<meta name=\"twitter:site\" content=\"@CCIEurope\" \/>\n<meta name=\"twitter:label1\" content=\"Written by\" \/>\n\t<meta name=\"twitter:data1\" content=\"CCIE\" \/>\n\t<meta name=\"twitter:label2\" content=\"Estimated reading time\" \/>\n\t<meta name=\"twitter:data2\" content=\"2 minutes\" \/>\n<script type=\"application\/ld+json\" class=\"yoast-schema-graph\">{\"@context\":\"https:\/\/schema.org\",\"@graph\":[{\"@type\":\"Article\",\"@id\":\"https:\/\/ccieurope.org\/2022\/02\/09\/sport-la-prefecture-de-police-de-paris-interdit-une-manifestation-des-hijabeuses\/#article\",\"isPartOf\":{\"@id\":\"https:\/\/ccieurope.org\/2022\/02\/09\/sport-la-prefecture-de-police-de-paris-interdit-une-manifestation-des-hijabeuses\/\"},\"author\":{\"name\":\"CCIE\",\"@id\":\"https:\/\/ccieurope.org\/#\/schema\/person\/4f79fdec292029b6b4c5daad08e5892f\"},\"headline\":\"Sport : la pr\u00e9fecture de police de Paris interdit une manifestation des \u00ab\u00a0hijabeuses\u00a0\u00bb\",\"datePublished\":\"2022-02-09T16:22:05+00:00\",\"dateModified\":\"2024-01-30T15:43:26+00:00\",\"mainEntityOfPage\":{\"@id\":\"https:\/\/ccieurope.org\/2022\/02\/09\/sport-la-prefecture-de-police-de-paris-interdit-une-manifestation-des-hijabeuses\/\"},\"wordCount\":333,\"publisher\":{\"@id\":\"https:\/\/ccieurope.org\/#organization\"},\"image\":{\"@id\":\"https:\/\/ccieurope.org\/2022\/02\/09\/sport-la-prefecture-de-police-de-paris-interdit-une-manifestation-des-hijabeuses\/#primaryimage\"},\"thumbnailUrl\":\"\",\"articleSection\":[\"Actualit\u00e9s\"],\"inLanguage\":\"en-GB\"},{\"@type\":\"WebPage\",\"@id\":\"https:\/\/ccieurope.org\/2022\/02\/09\/sport-la-prefecture-de-police-de-paris-interdit-une-manifestation-des-hijabeuses\/\",\"url\":\"https:\/\/ccieurope.org\/2022\/02\/09\/sport-la-prefecture-de-police-de-paris-interdit-une-manifestation-des-hijabeuses\/\",\"name\":\"Sport : la pr\u00e9fecture de police de Paris interdit une manifestation des \\\"hijabeuses\\\" - CCIE\",\"isPartOf\":{\"@id\":\"https:\/\/ccieurope.org\/#website\"},\"primaryImageOfPage\":{\"@id\":\"https:\/\/ccieurope.org\/2022\/02\/09\/sport-la-prefecture-de-police-de-paris-interdit-une-manifestation-des-hijabeuses\/#primaryimage\"},\"image\":{\"@id\":\"https:\/\/ccieurope.org\/2022\/02\/09\/sport-la-prefecture-de-police-de-paris-interdit-une-manifestation-des-hijabeuses\/#primaryimage\"},\"thumbnailUrl\":\"\",\"datePublished\":\"2022-02-09T16:22:05+00:00\",\"dateModified\":\"2024-01-30T15:43:26+00:00\",\"breadcrumb\":{\"@id\":\"https:\/\/ccieurope.org\/2022\/02\/09\/sport-la-prefecture-de-police-de-paris-interdit-une-manifestation-des-hijabeuses\/#breadcrumb\"},\"inLanguage\":\"en-GB\",\"potentialAction\":[{\"@type\":\"ReadAction\",\"target\":[\"https:\/\/ccieurope.org\/2022\/02\/09\/sport-la-prefecture-de-police-de-paris-interdit-une-manifestation-des-hijabeuses\/\"]}]},{\"@type\":\"ImageObject\",\"inLanguage\":\"en-GB\",\"@id\":\"https:\/\/ccieurope.org\/2022\/02\/09\/sport-la-prefecture-de-police-de-paris-interdit-une-manifestation-des-hijabeuses\/#primaryimage\",\"url\":\"\",\"contentUrl\":\"\"},{\"@type\":\"BreadcrumbList\",\"@id\":\"https:\/\/ccieurope.org\/2022\/02\/09\/sport-la-prefecture-de-police-de-paris-interdit-une-manifestation-des-hijabeuses\/#breadcrumb\",\"itemListElement\":[{\"@type\":\"ListItem\",\"position\":1,\"name\":\"Accueil\",\"item\":\"https:\/\/ccieurope.org\/\"},{\"@type\":\"ListItem\",\"position\":2,\"name\":\"Sport : la pr\u00e9fecture de police de Paris interdit une manifestation des \u00ab\u00a0hijabeuses\u00a0\u00bb\"}]},{\"@type\":\"WebSite\",\"@id\":\"https:\/\/ccieurope.org\/#website\",\"url\":\"https:\/\/ccieurope.org\/\",\"name\":\"CCIE\",\"description\":\"Collectif Contre l&#039;Islamophobie en Europe\",\"publisher\":{\"@id\":\"https:\/\/ccieurope.org\/#organization\"},\"potentialAction\":[{\"@type\":\"SearchAction\",\"target\":{\"@type\":\"EntryPoint\",\"urlTemplate\":\"https:\/\/ccieurope.org\/?s={search_term_string}\"},\"query-input\":{\"@type\":\"PropertyValueSpecification\",\"valueRequired\":true,\"valueName\":\"search_term_string\"}}],\"inLanguage\":\"en-GB\"},{\"@type\":\"Organization\",\"@id\":\"https:\/\/ccieurope.org\/#organization\",\"name\":\"CCIE\",\"url\":\"https:\/\/ccieurope.org\/\",\"logo\":{\"@type\":\"ImageObject\",\"inLanguage\":\"en-GB\",\"@id\":\"https:\/\/ccieurope.org\/#\/schema\/logo\/image\/\",\"url\":\"https:\/\/ccieurope.org\/wp-content\/uploads\/2021\/02\/Groupe-11.png\",\"contentUrl\":\"https:\/\/ccieurope.org\/wp-content\/uploads\/2021\/02\/Groupe-11.png\",\"width\":539,\"height\":307,\"caption\":\"CCIE\"},\"image\":{\"@id\":\"https:\/\/ccieurope.org\/#\/schema\/logo\/image\/\"},\"sameAs\":[\"https:\/\/www.facebook.com\/ccieurope.org\",\"https:\/\/x.com\/CCIEurope\",\"https:\/\/www.instagram.com\/ccieofficial\/\"]},{\"@type\":\"Person\",\"@id\":\"https:\/\/ccieurope.org\/#\/schema\/person\/4f79fdec292029b6b4c5daad08e5892f\",\"name\":\"CCIE\",\"image\":{\"@type\":\"ImageObject\",\"inLanguage\":\"en-GB\",\"@id\":\"https:\/\/ccieurope.org\/#\/schema\/person\/image\/\",\"url\":\"https:\/\/secure.gravatar.com\/avatar\/8ef1e6e0853254fe8a5f8e1d34431357ecdb44101307e8b7f4088a5d15467cbf?s=96&d=mm&r=g\",\"contentUrl\":\"https:\/\/secure.gravatar.com\/avatar\/8ef1e6e0853254fe8a5f8e1d34431357ecdb44101307e8b7f4088a5d15467cbf?s=96&d=mm&r=g\",\"caption\":\"CCIE\"},\"sameAs\":[\"https:\/\/prime.ccieurope.org\"],\"url\":\"https:\/\/ccieurope.org\/en\/author\/ccieprime\/\"}]}<\/script>\n<!-- \/ Yoast SEO plugin. -->","yoast_head_json":{"title":"Sport : la pr\u00e9fecture de police de Paris interdit une manifestation des \"hijabeuses\" - CCIE","robots":{"index":"index","follow":"follow","max-snippet":"max-snippet:-1","max-image-preview":"max-image-preview:large","max-video-preview":"max-video-preview:-1"},"canonical":"https:\/\/ccieurope.org\/en\/2022\/02\/09\/sport-la-prefecture-de-police-de-paris-interdit-une-manifestation-des-hijabeuses\/","og_locale":"en_GB","og_type":"article","og_title":"Sport : la pr\u00e9fecture de police de Paris interdit une manifestation des \"hijabeuses\" - CCIE","og_description":"La pr\u00e9fecture de police de Paris a annonc\u00e9, ce mardi 8 f\u00e9vrier, interdire la manifestation des \u00ab Hijabeuses \u00bb pr\u00e9vue ce mercredi. Ce collectif milite pour lever l&rsquo;amendement qui entend interdire le port du foulard lors des comp\u00e9titions sportives organis\u00e9es par les f\u00e9d\u00e9rations et les associations affili\u00e9es. La prefecture suspend les Hijabeuses !Une fois de plus, on emp\u00eache les femmes de jouer.. on vous explique tout en d\u00e9tails. #LetUsPlay #LaissezNousJouer #Footballpourtoutes #SportPourToutes pic.twitter.com\/mlqOxDiu0L \u2014 Les Hijabeuses (@leshijabeuses) February 8, 2022 Le collectif avait appel\u00e9 au rassemblement sur l\u2019esplanade des Invalides o\u00f9 \u00ab matchs de foot avec les hijabeuses, les alli\u00e9.e.s et les \u00e9lu.e.s \u00bb \u00e9taient au programme. Mais, l\u2019arr\u00eat\u00e9 de la pr\u00e9fecture de police soutient que \u00ab la manifestation projet\u00e9e est de nature \u00e0 troubler l\u2019ordre public \u00bb. L\u2019argumentaire de cette interdiction est par ailleurs vide de sens, \u00e9voquant \u00ab l\u2019islam politique, qui pr\u00f4ne le port du voile \u00bb, \u00ab l\u2019\u00e9galit\u00e9 entre les femmes et les hommes \u00bb, la situation des femmes dans certains pays comme \u00ab l\u2019Iran et l\u2019Afghanistan \u00bb, le \u00ab patriarcat religieux \u00bb ou encore le reportage de Zone Interdite, diffus\u00e9 le 23 janvier dernier sur \u00ab l\u2019islam radical \u00bb. Le collectif a r\u00e9agi \u00e0 cette interdiction en d\u00e9non\u00e7ant une d\u00e9cision \u00ab arbitraire, injuste et disproportionn\u00e9e \u00bb. Les arguments avanc\u00e9s par le pr\u00e9fet sont scandaleux et ne reposent sur rien d\u2019autre que des pr\u00e9jug\u00e9s racistes et une confusion politique d\u00e9lib\u00e9r\u00e9ment entretenue. Les Hijabeuses &#8211; Twitter Elles annoncent \u00e9galement avoir saisi le tribunal pour contester l\u2019arr\u00eat\u00e9 pr\u00e9fectoral, qui le suspend finalement. La manifestation des hijabeuses fait suite \u00e0 l&rsquo;amendement dans le cadre du projet de loi sur la d\u00e9mocratisation du sport. D\u00e9put\u00e9s et s\u00e9nateurs s\u2019opposent encore sur la question. Le texte doit \u00eatre rediscut\u00e9 ce mercredi \u00e0 l\u2019Assembl\u00e9e nationale.","og_url":"https:\/\/ccieurope.org\/en\/2022\/02\/09\/sport-la-prefecture-de-police-de-paris-interdit-une-manifestation-des-hijabeuses\/","og_site_name":"CCIE","article_publisher":"https:\/\/www.facebook.com\/ccieurope.org","article_published_time":"2022-02-09T16:22:05+00:00","article_modified_time":"2024-01-30T15:43:26+00:00","author":"CCIE","twitter_card":"summary_large_image","twitter_creator":"@CCIEurope","twitter_site":"@CCIEurope","twitter_misc":{"Written by":"CCIE","Estimated reading time":"2 minutes"},"schema":{"@context":"https:\/\/schema.org","@graph":[{"@type":"Article","@id":"https:\/\/ccieurope.org\/2022\/02\/09\/sport-la-prefecture-de-police-de-paris-interdit-une-manifestation-des-hijabeuses\/#article","isPartOf":{"@id":"https:\/\/ccieurope.org\/2022\/02\/09\/sport-la-prefecture-de-police-de-paris-interdit-une-manifestation-des-hijabeuses\/"},"author":{"name":"CCIE","@id":"https:\/\/ccieurope.org\/#\/schema\/person\/4f79fdec292029b6b4c5daad08e5892f"},"headline":"Sport : la pr\u00e9fecture de police de Paris interdit une manifestation des \u00ab\u00a0hijabeuses\u00a0\u00bb","datePublished":"2022-02-09T16:22:05+00:00","dateModified":"2024-01-30T15:43:26+00:00","mainEntityOfPage":{"@id":"https:\/\/ccieurope.org\/2022\/02\/09\/sport-la-prefecture-de-police-de-paris-interdit-une-manifestation-des-hijabeuses\/"},"wordCount":333,"publisher":{"@id":"https:\/\/ccieurope.org\/#organization"},"image":{"@id":"https:\/\/ccieurope.org\/2022\/02\/09\/sport-la-prefecture-de-police-de-paris-interdit-une-manifestation-des-hijabeuses\/#primaryimage"},"thumbnailUrl":"","articleSection":["Actualit\u00e9s"],"inLanguage":"en-GB"},{"@type":"WebPage","@id":"https:\/\/ccieurope.org\/2022\/02\/09\/sport-la-prefecture-de-police-de-paris-interdit-une-manifestation-des-hijabeuses\/","url":"https:\/\/ccieurope.org\/2022\/02\/09\/sport-la-prefecture-de-police-de-paris-interdit-une-manifestation-des-hijabeuses\/","name":"Sport : la pr\u00e9fecture de police de Paris interdit une manifestation des \"hijabeuses\" - CCIE","isPartOf":{"@id":"https:\/\/ccieurope.org\/#website"},"primaryImageOfPage":{"@id":"https:\/\/ccieurope.org\/2022\/02\/09\/sport-la-prefecture-de-police-de-paris-interdit-une-manifestation-des-hijabeuses\/#primaryimage"},"image":{"@id":"https:\/\/ccieurope.org\/2022\/02\/09\/sport-la-prefecture-de-police-de-paris-interdit-une-manifestation-des-hijabeuses\/#primaryimage"},"thumbnailUrl":"","datePublished":"2022-02-09T16:22:05+00:00","dateModified":"2024-01-30T15:43:26+00:00","breadcrumb":{"@id":"https:\/\/ccieurope.org\/2022\/02\/09\/sport-la-prefecture-de-police-de-paris-interdit-une-manifestation-des-hijabeuses\/#breadcrumb"},"inLanguage":"en-GB","potentialAction":[{"@type":"ReadAction","target":["https:\/\/ccieurope.org\/2022\/02\/09\/sport-la-prefecture-de-police-de-paris-interdit-une-manifestation-des-hijabeuses\/"]}]},{"@type":"ImageObject","inLanguage":"en-GB","@id":"https:\/\/ccieurope.org\/2022\/02\/09\/sport-la-prefecture-de-police-de-paris-interdit-une-manifestation-des-hijabeuses\/#primaryimage","url":"","contentUrl":""},{"@type":"BreadcrumbList","@id":"https:\/\/ccieurope.org\/2022\/02\/09\/sport-la-prefecture-de-police-de-paris-interdit-une-manifestation-des-hijabeuses\/#breadcrumb","itemListElement":[{"@type":"ListItem","position":1,"name":"Accueil","item":"https:\/\/ccieurope.org\/"},{"@type":"ListItem","position":2,"name":"Sport : la pr\u00e9fecture de police de Paris interdit une manifestation des \u00ab\u00a0hijabeuses\u00a0\u00bb"}]},{"@type":"WebSite","@id":"https:\/\/ccieurope.org\/#website","url":"https:\/\/ccieurope.org\/","name":"CCIE","description":"Collectif Contre l&#039;Islamophobie en Europe","publisher":{"@id":"https:\/\/ccieurope.org\/#organization"},"potentialAction":[{"@type":"SearchAction","target":{"@type":"EntryPoint","urlTemplate":"https:\/\/ccieurope.org\/?s={search_term_string}"},"query-input":{"@type":"PropertyValueSpecification","valueRequired":true,"valueName":"search_term_string"}}],"inLanguage":"en-GB"},{"@type":"Organization","@id":"https:\/\/ccieurope.org\/#organization","name":"CCIE","url":"https:\/\/ccieurope.org\/","logo":{"@type":"ImageObject","inLanguage":"en-GB","@id":"https:\/\/ccieurope.org\/#\/schema\/logo\/image\/","url":"https:\/\/ccieurope.org\/wp-content\/uploads\/2021\/02\/Groupe-11.png","contentUrl":"https:\/\/ccieurope.org\/wp-content\/uploads\/2021\/02\/Groupe-11.png","width":539,"height":307,"caption":"CCIE"},"image":{"@id":"https:\/\/ccieurope.org\/#\/schema\/logo\/image\/"},"sameAs":["https:\/\/www.facebook.com\/ccieurope.org","https:\/\/x.com\/CCIEurope","https:\/\/www.instagram.com\/ccieofficial\/"]},{"@type":"Person","@id":"https:\/\/ccieurope.org\/#\/schema\/person\/4f79fdec292029b6b4c5daad08e5892f","name":"CCIE","image":{"@type":"ImageObject","inLanguage":"en-GB","@id":"https:\/\/ccieurope.org\/#\/schema\/person\/image\/","url":"https:\/\/secure.gravatar.com\/avatar\/8ef1e6e0853254fe8a5f8e1d34431357ecdb44101307e8b7f4088a5d15467cbf?s=96&d=mm&r=g","contentUrl":"https:\/\/secure.gravatar.com\/avatar\/8ef1e6e0853254fe8a5f8e1d34431357ecdb44101307e8b7f4088a5d15467cbf?s=96&d=mm&r=g","caption":"CCIE"},"sameAs":["https:\/\/prime.ccieurope.org"],"url":"https:\/\/ccieurope.org\/en\/author\/ccieprime\/"}]}},"_links":{"self":[{"href":"https:\/\/ccieurope.org\/en\/wp-json\/wp\/v2\/posts\/31450","targetHints":{"allow":["GET"]}}],"collection":[{"href":"https:\/\/ccieurope.org\/en\/wp-json\/wp\/v2\/posts"}],"about":[{"href":"https:\/\/ccieurope.org\/en\/wp-json\/wp\/v2\/types\/post"}],"author":[{"embeddable":true,"href":"https:\/\/ccieurope.org\/en\/wp-json\/wp\/v2\/users\/1"}],"replies":[{"embeddable":true,"href":"https:\/\/ccieurope.org\/en\/wp-json\/wp\/v2\/comments?post=31450"}],"version-history":[{"count":1,"href":"https:\/\/ccieurope.org\/en\/wp-json\/wp\/v2\/posts\/31450\/revisions"}],"predecessor-version":[{"id":33612,"href":"https:\/\/ccieurope.org\/en\/wp-json\/wp\/v2\/posts\/31450\/revisions\/33612"}],"wp:featuredmedia":[{"embeddable":true,"href":"https:\/\/ccieurope.org\/en\/wp-json\/"}],"wp:attachment":[{"href":"https:\/\/ccieurope.org\/en\/wp-json\/wp\/v2\/media?parent=31450"}],"wp:term":[{"taxonomy":"category","embeddable":true,"href":"https:\/\/ccieurope.org\/en\/wp-json\/wp\/v2\/categories?post=31450"},{"taxonomy":"post_tag","embeddable":true,"href":"https:\/\/ccieurope.org\/en\/wp-json\/wp\/v2\/tags?post=31450"}],"curies":[{"name":"wp","href":"https:\/\/api.w.org\/{rel}","templated":true}]}}