{"id":32245,"date":"2022-06-21T23:52:00","date_gmt":"2022-06-21T21:52:00","guid":{"rendered":"https:\/\/ccieurope.org\/?p=32245"},"modified":"2024-01-30T16:43:26","modified_gmt":"2024-01-30T15:43:26","slug":"le-ccie-sinquiete-de-la-configuration-de-lassemblee-nationale-francaise","status":"publish","type":"post","link":"https:\/\/ccieurope.org\/en\/2022\/06\/21\/le-ccie-sinquiete-de-la-configuration-de-lassemblee-nationale-francaise\/","title":{"rendered":"Le CCIE s&rsquo;inqui\u00e8te de la configuration de l&rsquo;Assembl\u00e9e nationale fran\u00e7aise"},"content":{"rendered":"<p>Les \u00e9lections l\u00e9gislatives ont permis de battre un certain nombre d\u2019\u00e9lus connus pour leurs positions islamophobes durant leur mandat et de permettre \u00e0 de nouveaux visages porteurs d\u2019espoir d\u2019entrer \u00e0 l\u2019Assembl\u00e9e Nationale. Pour autant, il demeure une certaine perplexit\u00e9 au regard de la composition d\u00e9finitive de l\u2019Assembl\u00e9e nationale.<br><br>En effet, \u00e0 l\u2019issue du second tour et malgr\u00e9 son statut de premi\u00e8re force d\u2019opposition, la NUPES n\u2019a pas atteint l\u2019objectif qu\u2019elle s\u2019\u00e9tait fix\u00e9e d\u2019obtenir une majorit\u00e9 \u00e0 l\u2019assembl\u00e9e nationale, et le nombre de ses d\u00e9put\u00e9s est en de\u00e7\u00e0 de l\u2019espoir que sa campagne a pu susciter.<br><br>En d\u00e9finitive, l\u2019inqui\u00e9tante perc\u00e9e \u00e9lectorale du RN en fait le principal b\u00e9n\u00e9ficiaire de cette \u00e9lection.<br><br>Cette victoire du RN doit \u00eatre imput\u00e9e au parti pr\u00e9sidentiel et aux positions controvers\u00e9es de ses dirigeants notamment durant les d\u00e9bats qui ont entour\u00e9 l\u2019\u00e9lection.<br><br>Tandis que Jean-Michel Blanquer d\u00e9signait son concurrent de la NUPES en ennemi apr\u00e8s avoir \u00e9t\u00e9 \u00e9limin\u00e9 d\u00e8s le premier tour, Fran\u00e7ois Bayrou h\u00e9site \u00e0 nommer l\u2019extr\u00eame-droite pour ce qu\u2019elle est, et Eric Dupond-Moretti d\u00e9clare m\u00eame la possibilit\u00e9 d\u2019avancer ensemble avec le RN.<br><br>Sur le terrain, ces positions se traduisent par un \u00e9clatement du barrage r\u00e9publicain. Sur les 62 duels RN\/NUPES, le parti pr\u00e9sidentiel n\u2019a appel\u00e9 \u00e0 faire barrage que sur 6 circonscriptions et plusieurs duels entre la coalition pr\u00e9sidentielle et le RN se sont sold\u00e9s par la victoire de ce dernier.<br><br>Ces exemples d\u00e9montrent \u00e0 la fois l\u2019irresponsabilit\u00e9 qui domine la vie politique vis \u00e0 vis du danger de l\u2019extr\u00eame-droite et les pures logiques de calcul \u00e9lectoraliste<br><br>Dans les deux cas, la composition d\u00e9finitive de l&rsquo;Assembl\u00e9e nationale laisse pr\u00e9sager un quinquennat difficile en mati\u00e8re de lutte contre l\u2019islamophobie durant lequel le CCIE redoublera d&rsquo;efforts et en appelle d\u2019ores et d\u00e9j\u00e0 \u00e0 la vigilance et \u00e0 la mobilisation de ses membres.&nbsp;<\/p>","protected":false},"excerpt":{"rendered":"<p>Les \u00e9lections l\u00e9gislatives ont permis de battre un certain nombre d\u2019\u00e9lus connus pour leurs positions islamophobes durant leur mandat et de permettre \u00e0 de nouveaux visages porteurs d\u2019espoir d\u2019entrer \u00e0 l\u2019Assembl\u00e9e Nationale. Pour autant, il demeure une certaine perplexit\u00e9 au regard de la composition d\u00e9finitive de l\u2019Assembl\u00e9e nationale. En effet, \u00e0 l\u2019issue du second tour et malgr\u00e9 son statut de premi\u00e8re force d\u2019opposition, la NUPES n\u2019a pas atteint l\u2019objectif qu\u2019elle s\u2019\u00e9tait fix\u00e9e d\u2019obtenir une majorit\u00e9 \u00e0 l\u2019assembl\u00e9e nationale, et le nombre de ses d\u00e9put\u00e9s est en de\u00e7\u00e0 de l\u2019espoir que sa campagne a pu susciter. En d\u00e9finitive, l\u2019inqui\u00e9tante perc\u00e9e \u00e9lectorale du RN en fait le principal b\u00e9n\u00e9ficiaire de cette \u00e9lection. Cette victoire du RN doit \u00eatre imput\u00e9e au parti pr\u00e9sidentiel et aux positions controvers\u00e9es de ses dirigeants notamment durant les d\u00e9bats qui ont entour\u00e9 l\u2019\u00e9lection. Tandis que Jean-Michel Blanquer d\u00e9signait son concurrent de la NUPES en ennemi apr\u00e8s avoir \u00e9t\u00e9 \u00e9limin\u00e9 d\u00e8s le premier tour, Fran\u00e7ois Bayrou h\u00e9site \u00e0 nommer l\u2019extr\u00eame-droite pour ce qu\u2019elle est, et Eric Dupond-Moretti d\u00e9clare m\u00eame la possibilit\u00e9 d\u2019avancer ensemble avec le RN. Sur le terrain, ces positions se traduisent par un \u00e9clatement du barrage r\u00e9publicain. Sur les 62 duels RN\/NUPES, le parti pr\u00e9sidentiel n\u2019a appel\u00e9 \u00e0 faire barrage que sur 6 circonscriptions et plusieurs duels entre la coalition pr\u00e9sidentielle et le RN se sont sold\u00e9s par la victoire de ce dernier. Ces exemples d\u00e9montrent \u00e0 la fois l\u2019irresponsabilit\u00e9 qui domine la vie politique vis \u00e0 vis du danger de l\u2019extr\u00eame-droite et les pures logiques de calcul \u00e9lectoraliste Dans les deux cas, la composition d\u00e9finitive de l&rsquo;Assembl\u00e9e nationale laisse pr\u00e9sager un quinquennat difficile en mati\u00e8re de lutte contre l\u2019islamophobie durant lequel le CCIE redoublera d&rsquo;efforts et en appelle d\u2019ores et d\u00e9j\u00e0 \u00e0 la vigilance et \u00e0 la mobilisation de ses membres.&nbsp;<\/p>","protected":false},"author":1,"featured_media":32248,"comment_status":"closed","ping_status":"open","sticky":false,"template":"","format":"standard","meta":{"give_campaign_id":0,"cybocfi_hide_featured_image":"","footnotes":""},"categories":[65],"tags":[],"class_list":["post-32245","post","type-post","status-publish","format-standard","has-post-thumbnail","hentry","category-actualites"],"yoast_head":"<!-- This site is optimized with the Yoast SEO plugin v26.4 - https:\/\/yoast.com\/wordpress\/plugins\/seo\/ -->\n<title>Le CCIE s&#039;inqui\u00e8te de la configuration de l&#039;Assembl\u00e9e nationale fran\u00e7aise - CCIE<\/title>\n<meta name=\"robots\" content=\"index, follow, max-snippet:-1, max-image-preview:large, max-video-preview:-1\" \/>\n<link rel=\"canonical\" href=\"https:\/\/ccieurope.org\/en\/2022\/06\/21\/le-ccie-sinquiete-de-la-configuration-de-lassemblee-nationale-francaise\/\" \/>\n<meta property=\"og:locale\" content=\"en_GB\" \/>\n<meta property=\"og:type\" content=\"article\" \/>\n<meta property=\"og:title\" content=\"Le CCIE s&#039;inqui\u00e8te de la configuration de l&#039;Assembl\u00e9e nationale fran\u00e7aise - CCIE\" \/>\n<meta property=\"og:description\" content=\"Les \u00e9lections l\u00e9gislatives ont permis de battre un certain nombre d\u2019\u00e9lus connus pour leurs positions islamophobes durant leur mandat et de permettre \u00e0 de nouveaux visages porteurs d\u2019espoir d\u2019entrer \u00e0 l\u2019Assembl\u00e9e Nationale. Pour autant, il demeure une certaine perplexit\u00e9 au regard de la composition d\u00e9finitive de l\u2019Assembl\u00e9e nationale. En effet, \u00e0 l\u2019issue du second tour et malgr\u00e9 son statut de premi\u00e8re force d\u2019opposition, la NUPES n\u2019a pas atteint l\u2019objectif qu\u2019elle s\u2019\u00e9tait fix\u00e9e d\u2019obtenir une majorit\u00e9 \u00e0 l\u2019assembl\u00e9e nationale, et le nombre de ses d\u00e9put\u00e9s est en de\u00e7\u00e0 de l\u2019espoir que sa campagne a pu susciter. En d\u00e9finitive, l\u2019inqui\u00e9tante perc\u00e9e \u00e9lectorale du RN en fait le principal b\u00e9n\u00e9ficiaire de cette \u00e9lection. Cette victoire du RN doit \u00eatre imput\u00e9e au parti pr\u00e9sidentiel et aux positions controvers\u00e9es de ses dirigeants notamment durant les d\u00e9bats qui ont entour\u00e9 l\u2019\u00e9lection. Tandis que Jean-Michel Blanquer d\u00e9signait son concurrent de la NUPES en ennemi apr\u00e8s avoir \u00e9t\u00e9 \u00e9limin\u00e9 d\u00e8s le premier tour, Fran\u00e7ois Bayrou h\u00e9site \u00e0 nommer l\u2019extr\u00eame-droite pour ce qu\u2019elle est, et Eric Dupond-Moretti d\u00e9clare m\u00eame la possibilit\u00e9 d\u2019avancer ensemble avec le RN. Sur le terrain, ces positions se traduisent par un \u00e9clatement du barrage r\u00e9publicain. Sur les 62 duels RN\/NUPES, le parti pr\u00e9sidentiel n\u2019a appel\u00e9 \u00e0 faire barrage que sur 6 circonscriptions et plusieurs duels entre la coalition pr\u00e9sidentielle et le RN se sont sold\u00e9s par la victoire de ce dernier. Ces exemples d\u00e9montrent \u00e0 la fois l\u2019irresponsabilit\u00e9 qui domine la vie politique vis \u00e0 vis du danger de l\u2019extr\u00eame-droite et les pures logiques de calcul \u00e9lectoraliste Dans les deux cas, la composition d\u00e9finitive de l&rsquo;Assembl\u00e9e nationale laisse pr\u00e9sager un quinquennat difficile en mati\u00e8re de lutte contre l\u2019islamophobie durant lequel le CCIE redoublera d&rsquo;efforts et en appelle d\u2019ores et d\u00e9j\u00e0 \u00e0 la vigilance et \u00e0 la mobilisation de ses membres.&nbsp;\" \/>\n<meta property=\"og:url\" content=\"https:\/\/ccieurope.org\/en\/2022\/06\/21\/le-ccie-sinquiete-de-la-configuration-de-lassemblee-nationale-francaise\/\" \/>\n<meta property=\"og:site_name\" content=\"CCIE\" \/>\n<meta property=\"article:publisher\" content=\"https:\/\/www.facebook.com\/ccieurope.org\" \/>\n<meta property=\"article:published_time\" content=\"2022-06-21T21:52:00+00:00\" \/>\n<meta property=\"article:modified_time\" content=\"2024-01-30T15:43:26+00:00\" \/>\n<meta name=\"author\" content=\"CCIE\" \/>\n<meta name=\"twitter:card\" content=\"summary_large_image\" \/>\n<meta name=\"twitter:creator\" content=\"@CCIEurope\" \/>\n<meta name=\"twitter:site\" content=\"@CCIEurope\" \/>\n<meta name=\"twitter:label1\" content=\"Written by\" \/>\n\t<meta name=\"twitter:data1\" content=\"CCIE\" \/>\n\t<meta name=\"twitter:label2\" content=\"Estimated reading time\" \/>\n\t<meta name=\"twitter:data2\" content=\"2 minutes\" \/>\n<script type=\"application\/ld+json\" class=\"yoast-schema-graph\">{\"@context\":\"https:\/\/schema.org\",\"@graph\":[{\"@type\":\"Article\",\"@id\":\"https:\/\/ccieurope.org\/2022\/06\/21\/le-ccie-sinquiete-de-la-configuration-de-lassemblee-nationale-francaise\/#article\",\"isPartOf\":{\"@id\":\"https:\/\/ccieurope.org\/2022\/06\/21\/le-ccie-sinquiete-de-la-configuration-de-lassemblee-nationale-francaise\/\"},\"author\":{\"name\":\"CCIE\",\"@id\":\"https:\/\/ccieurope.org\/#\/schema\/person\/4f79fdec292029b6b4c5daad08e5892f\"},\"headline\":\"Le CCIE s&rsquo;inqui\u00e8te de la configuration de l&rsquo;Assembl\u00e9e nationale fran\u00e7aise\",\"datePublished\":\"2022-06-21T21:52:00+00:00\",\"dateModified\":\"2024-01-30T15:43:26+00:00\",\"mainEntityOfPage\":{\"@id\":\"https:\/\/ccieurope.org\/2022\/06\/21\/le-ccie-sinquiete-de-la-configuration-de-lassemblee-nationale-francaise\/\"},\"wordCount\":363,\"publisher\":{\"@id\":\"https:\/\/ccieurope.org\/#organization\"},\"image\":{\"@id\":\"https:\/\/ccieurope.org\/2022\/06\/21\/le-ccie-sinquiete-de-la-configuration-de-lassemblee-nationale-francaise\/#primaryimage\"},\"thumbnailUrl\":\"\",\"articleSection\":[\"Actualit\u00e9s\"],\"inLanguage\":\"en-GB\"},{\"@type\":\"WebPage\",\"@id\":\"https:\/\/ccieurope.org\/2022\/06\/21\/le-ccie-sinquiete-de-la-configuration-de-lassemblee-nationale-francaise\/\",\"url\":\"https:\/\/ccieurope.org\/2022\/06\/21\/le-ccie-sinquiete-de-la-configuration-de-lassemblee-nationale-francaise\/\",\"name\":\"Le CCIE s'inqui\u00e8te de la configuration de l'Assembl\u00e9e nationale fran\u00e7aise - CCIE\",\"isPartOf\":{\"@id\":\"https:\/\/ccieurope.org\/#website\"},\"primaryImageOfPage\":{\"@id\":\"https:\/\/ccieurope.org\/2022\/06\/21\/le-ccie-sinquiete-de-la-configuration-de-lassemblee-nationale-francaise\/#primaryimage\"},\"image\":{\"@id\":\"https:\/\/ccieurope.org\/2022\/06\/21\/le-ccie-sinquiete-de-la-configuration-de-lassemblee-nationale-francaise\/#primaryimage\"},\"thumbnailUrl\":\"\",\"datePublished\":\"2022-06-21T21:52:00+00:00\",\"dateModified\":\"2024-01-30T15:43:26+00:00\",\"breadcrumb\":{\"@id\":\"https:\/\/ccieurope.org\/2022\/06\/21\/le-ccie-sinquiete-de-la-configuration-de-lassemblee-nationale-francaise\/#breadcrumb\"},\"inLanguage\":\"en-GB\",\"potentialAction\":[{\"@type\":\"ReadAction\",\"target\":[\"https:\/\/ccieurope.org\/2022\/06\/21\/le-ccie-sinquiete-de-la-configuration-de-lassemblee-nationale-francaise\/\"]}]},{\"@type\":\"ImageObject\",\"inLanguage\":\"en-GB\",\"@id\":\"https:\/\/ccieurope.org\/2022\/06\/21\/le-ccie-sinquiete-de-la-configuration-de-lassemblee-nationale-francaise\/#primaryimage\",\"url\":\"\",\"contentUrl\":\"\"},{\"@type\":\"BreadcrumbList\",\"@id\":\"https:\/\/ccieurope.org\/2022\/06\/21\/le-ccie-sinquiete-de-la-configuration-de-lassemblee-nationale-francaise\/#breadcrumb\",\"itemListElement\":[{\"@type\":\"ListItem\",\"position\":1,\"name\":\"Accueil\",\"item\":\"https:\/\/ccieurope.org\/\"},{\"@type\":\"ListItem\",\"position\":2,\"name\":\"Le CCIE s&rsquo;inqui\u00e8te de la configuration de l&rsquo;Assembl\u00e9e nationale fran\u00e7aise\"}]},{\"@type\":\"WebSite\",\"@id\":\"https:\/\/ccieurope.org\/#website\",\"url\":\"https:\/\/ccieurope.org\/\",\"name\":\"CCIE\",\"description\":\"Collectif Contre l&#039;Islamophobie en Europe\",\"publisher\":{\"@id\":\"https:\/\/ccieurope.org\/#organization\"},\"potentialAction\":[{\"@type\":\"SearchAction\",\"target\":{\"@type\":\"EntryPoint\",\"urlTemplate\":\"https:\/\/ccieurope.org\/?s={search_term_string}\"},\"query-input\":{\"@type\":\"PropertyValueSpecification\",\"valueRequired\":true,\"valueName\":\"search_term_string\"}}],\"inLanguage\":\"en-GB\"},{\"@type\":\"Organization\",\"@id\":\"https:\/\/ccieurope.org\/#organization\",\"name\":\"CCIE\",\"url\":\"https:\/\/ccieurope.org\/\",\"logo\":{\"@type\":\"ImageObject\",\"inLanguage\":\"en-GB\",\"@id\":\"https:\/\/ccieurope.org\/#\/schema\/logo\/image\/\",\"url\":\"https:\/\/ccieurope.org\/wp-content\/uploads\/2021\/02\/Groupe-11.png\",\"contentUrl\":\"https:\/\/ccieurope.org\/wp-content\/uploads\/2021\/02\/Groupe-11.png\",\"width\":539,\"height\":307,\"caption\":\"CCIE\"},\"image\":{\"@id\":\"https:\/\/ccieurope.org\/#\/schema\/logo\/image\/\"},\"sameAs\":[\"https:\/\/www.facebook.com\/ccieurope.org\",\"https:\/\/x.com\/CCIEurope\",\"https:\/\/www.instagram.com\/ccieofficial\/\"]},{\"@type\":\"Person\",\"@id\":\"https:\/\/ccieurope.org\/#\/schema\/person\/4f79fdec292029b6b4c5daad08e5892f\",\"name\":\"CCIE\",\"image\":{\"@type\":\"ImageObject\",\"inLanguage\":\"en-GB\",\"@id\":\"https:\/\/ccieurope.org\/#\/schema\/person\/image\/\",\"url\":\"https:\/\/secure.gravatar.com\/avatar\/8ef1e6e0853254fe8a5f8e1d34431357ecdb44101307e8b7f4088a5d15467cbf?s=96&d=mm&r=g\",\"contentUrl\":\"https:\/\/secure.gravatar.com\/avatar\/8ef1e6e0853254fe8a5f8e1d34431357ecdb44101307e8b7f4088a5d15467cbf?s=96&d=mm&r=g\",\"caption\":\"CCIE\"},\"sameAs\":[\"https:\/\/prime.ccieurope.org\"],\"url\":\"https:\/\/ccieurope.org\/en\/author\/ccieprime\/\"}]}<\/script>\n<!-- \/ Yoast SEO plugin. -->","yoast_head_json":{"title":"Le CCIE s'inqui\u00e8te de la configuration de l'Assembl\u00e9e nationale fran\u00e7aise - CCIE","robots":{"index":"index","follow":"follow","max-snippet":"max-snippet:-1","max-image-preview":"max-image-preview:large","max-video-preview":"max-video-preview:-1"},"canonical":"https:\/\/ccieurope.org\/en\/2022\/06\/21\/le-ccie-sinquiete-de-la-configuration-de-lassemblee-nationale-francaise\/","og_locale":"en_GB","og_type":"article","og_title":"Le CCIE s'inqui\u00e8te de la configuration de l'Assembl\u00e9e nationale fran\u00e7aise - CCIE","og_description":"Les \u00e9lections l\u00e9gislatives ont permis de battre un certain nombre d\u2019\u00e9lus connus pour leurs positions islamophobes durant leur mandat et de permettre \u00e0 de nouveaux visages porteurs d\u2019espoir d\u2019entrer \u00e0 l\u2019Assembl\u00e9e Nationale. Pour autant, il demeure une certaine perplexit\u00e9 au regard de la composition d\u00e9finitive de l\u2019Assembl\u00e9e nationale. En effet, \u00e0 l\u2019issue du second tour et malgr\u00e9 son statut de premi\u00e8re force d\u2019opposition, la NUPES n\u2019a pas atteint l\u2019objectif qu\u2019elle s\u2019\u00e9tait fix\u00e9e d\u2019obtenir une majorit\u00e9 \u00e0 l\u2019assembl\u00e9e nationale, et le nombre de ses d\u00e9put\u00e9s est en de\u00e7\u00e0 de l\u2019espoir que sa campagne a pu susciter. En d\u00e9finitive, l\u2019inqui\u00e9tante perc\u00e9e \u00e9lectorale du RN en fait le principal b\u00e9n\u00e9ficiaire de cette \u00e9lection. Cette victoire du RN doit \u00eatre imput\u00e9e au parti pr\u00e9sidentiel et aux positions controvers\u00e9es de ses dirigeants notamment durant les d\u00e9bats qui ont entour\u00e9 l\u2019\u00e9lection. Tandis que Jean-Michel Blanquer d\u00e9signait son concurrent de la NUPES en ennemi apr\u00e8s avoir \u00e9t\u00e9 \u00e9limin\u00e9 d\u00e8s le premier tour, Fran\u00e7ois Bayrou h\u00e9site \u00e0 nommer l\u2019extr\u00eame-droite pour ce qu\u2019elle est, et Eric Dupond-Moretti d\u00e9clare m\u00eame la possibilit\u00e9 d\u2019avancer ensemble avec le RN. Sur le terrain, ces positions se traduisent par un \u00e9clatement du barrage r\u00e9publicain. Sur les 62 duels RN\/NUPES, le parti pr\u00e9sidentiel n\u2019a appel\u00e9 \u00e0 faire barrage que sur 6 circonscriptions et plusieurs duels entre la coalition pr\u00e9sidentielle et le RN se sont sold\u00e9s par la victoire de ce dernier. Ces exemples d\u00e9montrent \u00e0 la fois l\u2019irresponsabilit\u00e9 qui domine la vie politique vis \u00e0 vis du danger de l\u2019extr\u00eame-droite et les pures logiques de calcul \u00e9lectoraliste Dans les deux cas, la composition d\u00e9finitive de l&rsquo;Assembl\u00e9e nationale laisse pr\u00e9sager un quinquennat difficile en mati\u00e8re de lutte contre l\u2019islamophobie durant lequel le CCIE redoublera d&rsquo;efforts et en appelle d\u2019ores et d\u00e9j\u00e0 \u00e0 la vigilance et \u00e0 la mobilisation de ses membres.&nbsp;","og_url":"https:\/\/ccieurope.org\/en\/2022\/06\/21\/le-ccie-sinquiete-de-la-configuration-de-lassemblee-nationale-francaise\/","og_site_name":"CCIE","article_publisher":"https:\/\/www.facebook.com\/ccieurope.org","article_published_time":"2022-06-21T21:52:00+00:00","article_modified_time":"2024-01-30T15:43:26+00:00","author":"CCIE","twitter_card":"summary_large_image","twitter_creator":"@CCIEurope","twitter_site":"@CCIEurope","twitter_misc":{"Written by":"CCIE","Estimated reading time":"2 minutes"},"schema":{"@context":"https:\/\/schema.org","@graph":[{"@type":"Article","@id":"https:\/\/ccieurope.org\/2022\/06\/21\/le-ccie-sinquiete-de-la-configuration-de-lassemblee-nationale-francaise\/#article","isPartOf":{"@id":"https:\/\/ccieurope.org\/2022\/06\/21\/le-ccie-sinquiete-de-la-configuration-de-lassemblee-nationale-francaise\/"},"author":{"name":"CCIE","@id":"https:\/\/ccieurope.org\/#\/schema\/person\/4f79fdec292029b6b4c5daad08e5892f"},"headline":"Le CCIE s&rsquo;inqui\u00e8te de la configuration de l&rsquo;Assembl\u00e9e nationale fran\u00e7aise","datePublished":"2022-06-21T21:52:00+00:00","dateModified":"2024-01-30T15:43:26+00:00","mainEntityOfPage":{"@id":"https:\/\/ccieurope.org\/2022\/06\/21\/le-ccie-sinquiete-de-la-configuration-de-lassemblee-nationale-francaise\/"},"wordCount":363,"publisher":{"@id":"https:\/\/ccieurope.org\/#organization"},"image":{"@id":"https:\/\/ccieurope.org\/2022\/06\/21\/le-ccie-sinquiete-de-la-configuration-de-lassemblee-nationale-francaise\/#primaryimage"},"thumbnailUrl":"","articleSection":["Actualit\u00e9s"],"inLanguage":"en-GB"},{"@type":"WebPage","@id":"https:\/\/ccieurope.org\/2022\/06\/21\/le-ccie-sinquiete-de-la-configuration-de-lassemblee-nationale-francaise\/","url":"https:\/\/ccieurope.org\/2022\/06\/21\/le-ccie-sinquiete-de-la-configuration-de-lassemblee-nationale-francaise\/","name":"Le CCIE s'inqui\u00e8te de la configuration de l'Assembl\u00e9e nationale fran\u00e7aise - CCIE","isPartOf":{"@id":"https:\/\/ccieurope.org\/#website"},"primaryImageOfPage":{"@id":"https:\/\/ccieurope.org\/2022\/06\/21\/le-ccie-sinquiete-de-la-configuration-de-lassemblee-nationale-francaise\/#primaryimage"},"image":{"@id":"https:\/\/ccieurope.org\/2022\/06\/21\/le-ccie-sinquiete-de-la-configuration-de-lassemblee-nationale-francaise\/#primaryimage"},"thumbnailUrl":"","datePublished":"2022-06-21T21:52:00+00:00","dateModified":"2024-01-30T15:43:26+00:00","breadcrumb":{"@id":"https:\/\/ccieurope.org\/2022\/06\/21\/le-ccie-sinquiete-de-la-configuration-de-lassemblee-nationale-francaise\/#breadcrumb"},"inLanguage":"en-GB","potentialAction":[{"@type":"ReadAction","target":["https:\/\/ccieurope.org\/2022\/06\/21\/le-ccie-sinquiete-de-la-configuration-de-lassemblee-nationale-francaise\/"]}]},{"@type":"ImageObject","inLanguage":"en-GB","@id":"https:\/\/ccieurope.org\/2022\/06\/21\/le-ccie-sinquiete-de-la-configuration-de-lassemblee-nationale-francaise\/#primaryimage","url":"","contentUrl":""},{"@type":"BreadcrumbList","@id":"https:\/\/ccieurope.org\/2022\/06\/21\/le-ccie-sinquiete-de-la-configuration-de-lassemblee-nationale-francaise\/#breadcrumb","itemListElement":[{"@type":"ListItem","position":1,"name":"Accueil","item":"https:\/\/ccieurope.org\/"},{"@type":"ListItem","position":2,"name":"Le CCIE s&rsquo;inqui\u00e8te de la configuration de l&rsquo;Assembl\u00e9e nationale fran\u00e7aise"}]},{"@type":"WebSite","@id":"https:\/\/ccieurope.org\/#website","url":"https:\/\/ccieurope.org\/","name":"CCIE","description":"Collectif Contre l&#039;Islamophobie en Europe","publisher":{"@id":"https:\/\/ccieurope.org\/#organization"},"potentialAction":[{"@type":"SearchAction","target":{"@type":"EntryPoint","urlTemplate":"https:\/\/ccieurope.org\/?s={search_term_string}"},"query-input":{"@type":"PropertyValueSpecification","valueRequired":true,"valueName":"search_term_string"}}],"inLanguage":"en-GB"},{"@type":"Organization","@id":"https:\/\/ccieurope.org\/#organization","name":"CCIE","url":"https:\/\/ccieurope.org\/","logo":{"@type":"ImageObject","inLanguage":"en-GB","@id":"https:\/\/ccieurope.org\/#\/schema\/logo\/image\/","url":"https:\/\/ccieurope.org\/wp-content\/uploads\/2021\/02\/Groupe-11.png","contentUrl":"https:\/\/ccieurope.org\/wp-content\/uploads\/2021\/02\/Groupe-11.png","width":539,"height":307,"caption":"CCIE"},"image":{"@id":"https:\/\/ccieurope.org\/#\/schema\/logo\/image\/"},"sameAs":["https:\/\/www.facebook.com\/ccieurope.org","https:\/\/x.com\/CCIEurope","https:\/\/www.instagram.com\/ccieofficial\/"]},{"@type":"Person","@id":"https:\/\/ccieurope.org\/#\/schema\/person\/4f79fdec292029b6b4c5daad08e5892f","name":"CCIE","image":{"@type":"ImageObject","inLanguage":"en-GB","@id":"https:\/\/ccieurope.org\/#\/schema\/person\/image\/","url":"https:\/\/secure.gravatar.com\/avatar\/8ef1e6e0853254fe8a5f8e1d34431357ecdb44101307e8b7f4088a5d15467cbf?s=96&d=mm&r=g","contentUrl":"https:\/\/secure.gravatar.com\/avatar\/8ef1e6e0853254fe8a5f8e1d34431357ecdb44101307e8b7f4088a5d15467cbf?s=96&d=mm&r=g","caption":"CCIE"},"sameAs":["https:\/\/prime.ccieurope.org"],"url":"https:\/\/ccieurope.org\/en\/author\/ccieprime\/"}]}},"_links":{"self":[{"href":"https:\/\/ccieurope.org\/en\/wp-json\/wp\/v2\/posts\/32245","targetHints":{"allow":["GET"]}}],"collection":[{"href":"https:\/\/ccieurope.org\/en\/wp-json\/wp\/v2\/posts"}],"about":[{"href":"https:\/\/ccieurope.org\/en\/wp-json\/wp\/v2\/types\/post"}],"author":[{"embeddable":true,"href":"https:\/\/ccieurope.org\/en\/wp-json\/wp\/v2\/users\/1"}],"replies":[{"embeddable":true,"href":"https:\/\/ccieurope.org\/en\/wp-json\/wp\/v2\/comments?post=32245"}],"version-history":[{"count":1,"href":"https:\/\/ccieurope.org\/en\/wp-json\/wp\/v2\/posts\/32245\/revisions"}],"predecessor-version":[{"id":33602,"href":"https:\/\/ccieurope.org\/en\/wp-json\/wp\/v2\/posts\/32245\/revisions\/33602"}],"wp:featuredmedia":[{"embeddable":true,"href":"https:\/\/ccieurope.org\/en\/wp-json\/"}],"wp:attachment":[{"href":"https:\/\/ccieurope.org\/en\/wp-json\/wp\/v2\/media?parent=32245"}],"wp:term":[{"taxonomy":"category","embeddable":true,"href":"https:\/\/ccieurope.org\/en\/wp-json\/wp\/v2\/categories?post=32245"},{"taxonomy":"post_tag","embeddable":true,"href":"https:\/\/ccieurope.org\/en\/wp-json\/wp\/v2\/tags?post=32245"}],"curies":[{"name":"wp","href":"https:\/\/api.w.org\/{rel}","templated":true}]}}