{"id":34006,"date":"2024-06-10T15:58:39","date_gmt":"2024-06-10T13:58:39","guid":{"rendered":"https:\/\/ccieurope.org\/?p=34006"},"modified":"2024-06-10T15:58:39","modified_gmt":"2024-06-10T13:58:39","slug":"au-parlement-europeen-les-partis-dextreme-droite-sortent-renforces-mais-divises","status":"publish","type":"post","link":"https:\/\/ccieurope.org\/en\/2024\/06\/10\/au-parlement-europeen-les-partis-dextreme-droite-sortent-renforces-mais-divises\/","title":{"rendered":"At the European Parliament, the far-right parties emerge strengthened but divided"},"content":{"rendered":"<p>Austria and France are the two countries where these political groupings came out on top.<\/p>\n\n\n\n<p>The day after the European elections to renew the European Parliament for the next five years, the expected surge in far-right parties has been confirmed. As Europe celebrates the 80th anniversary of the Allied landings against Nazi occupation, the spectre of fascism threatens to descend on the Parliament in force.<\/p>\n\n\n\n<p>Of the 58 MEPs making up the \"Identity and Democracy\" group bringing together Europe's far-right parties, more than half will come from the French RN. A shock for one of the founding members of the EU, whose president Emmanuel Macron was elected to block it.&nbsp;&nbsp;<\/p>\n\n\n\n<p>As soon as the results were announced, the latter announced the dissolution of the French National Assembly, risking giving a majority to RN MPs and appointing a far-right Prime Minister for the first time in French history.<\/p>\n\n\n\n<p>In Belgium, far-right anti-immigration parties <em>Vlaams Belang <\/em>and the <em>New Flemish alliance <\/em>(N-VA) also came out in force, going so far as to provoke the resignation of Prime Minister Alexander De Croo, whose group obtained 7% of the votes cast.<\/p>\n\n\n\n<p>Le <em>status quo<\/em> is preserved in the European Parliament, with the majority Christian Democrat group led by Germany's Ursula von der Leyen, marking her re-election as head of the European Commission.<\/p>\n\n\n\n<p>The CCIE notes that what it has always denounced is being confirmed: applying the racist policies of the extreme right only serves to reinforce them. Only an anti-racist, inclusive and fraternal policy will strengthen national cohesion in the face of the fascism threatening European societies.<\/p>\n\n\n\n<p>The results of the European elections have enabled the RN to strengthen its position in the European Parliament without, however, calling into question the balance of power within the institution. If it were to achieve the same result on the evening of 7 July, the fate of France and Europe would be at stake in an unprecedented situation.<\/p>","protected":false},"excerpt":{"rendered":"<p>L&rsquo;Autriche et la France sont les deux pays o\u00f9 ces formations politiques sont arriv\u00e9es en t\u00eate. Au lendemain des \u00e9lections europ\u00e9ennes qui renouvellent le Parlement pour les cinq ann\u00e9es \u00e0 venir, la pouss\u00e9e attendue des partis d&rsquo;extr\u00eame droite s&rsquo;est confirm\u00e9e. Alors que l&rsquo;Europe f\u00eate les 80 ans du d\u00e9barquement des troupes alli\u00e9es contre l&rsquo;occupation nazie, le spectre fasciste menace de d\u00e9barquer en force sur le Parlement. Sur les 58 d\u00e9put\u00e9s constituant le groupe \u00ab\u00a0Identit\u00e9s et D\u00e9mocratie\u00a0\u00bb rassemblant les partis d&rsquo;extr\u00eame droite europ\u00e9ens, plus de la moiti\u00e9 seront issus du RN francais. Un choc pour un des pays fondateurs de l&rsquo;UE et dont le pr\u00e9sident Emmanuel Macron avait \u00e9t\u00e9 \u00e9lu pour lui faire barrage.&nbsp;&nbsp; Ce dernier a d&rsquo;ailleurs annonc\u00e9, dans la foul\u00e9e des annonces des r\u00e9sultats, la dissolution de l\u2019Assembl\u00e9e nationale fran\u00e7aise, risquant d&rsquo;accorder une majorit\u00e9 aux d\u00e9put\u00e9(e)s RN et de nommer pour la premi\u00e8re fois de l&rsquo;histoire de France, un Premier ministre d&rsquo;extr\u00eame droite. Du c\u00f4t\u00e9 de la Belgique, les partis d\u2019extr\u00eame-droite anti-immigration Vlaams Belang et la Nouvelle alliance flamande (N-VA) sont \u00e9galement arriv\u00e9s en force, allant jusqu\u2019\u00e0 provoquer la d\u00e9mission du Premier ministre Alexander De Croo, dont le groupe a obtenu 7% des votes exprim\u00e9s. Le statu quo est pr\u00e9serv\u00e9 au Parlement europ\u00e9en, avec le groupe majoritaire des D\u00e9mocrates-Chr\u00e9tiens de l\u2019Allemande Ursula von der Leyen, ce qui signe sa r\u00e9\u00e9lection \u00e0 la t\u00eate de la Commission europ\u00e9enne. Le CCIE constate que ce qu&rsquo;il a toujours d\u00e9nonc\u00e9, se confirme : appliquer les politiques racistes d&rsquo;extr\u00eame droite n&rsquo;a pour cons\u00e9quence que de les renforcer. Seule une politique antiraciste, inclusive et fraternelle renforcera la coh\u00e9sion nationale face au fascisme qui menace les soci\u00e9t\u00e9s europ\u00e9ennes. Les r\u00e9sultats des \u00e9lections europ\u00e9ennes permettent au RN de se renforcer au Parlement europ\u00e9en sans toutefois remettre en cause les \u00e9quilibres de pouvoirs au sein de l&rsquo;institution. S&rsquo;il obtenait le m\u00eame r\u00e9sultat le soir du 7 juillet prochain, le sort de la France et de l&rsquo;Europe provoquerait une situation sans pr\u00e9c\u00e9dent.<\/p>","protected":false},"author":1,"featured_media":34008,"comment_status":"closed","ping_status":"closed","sticky":false,"template":"","format":"standard","meta":{"give_campaign_id":0,"cybocfi_hide_featured_image":"","footnotes":""},"categories":[68],"tags":[102,101,100],"class_list":["post-34006","post","type-post","status-publish","format-standard","has-post-thumbnail","hentry","category-communiques","tag-belgique","tag-europe","tag-parlement-europeen"],"yoast_head":"<!-- This site is optimized with the Yoast SEO plugin v26.4 - https:\/\/yoast.com\/wordpress\/plugins\/seo\/ -->\n<title>Au Parlement europ\u00e9en, les partis d&#039;extr\u00eame droite sortent renforc\u00e9s mais divis\u00e9s - CCIE<\/title>\n<meta name=\"robots\" content=\"index, follow, max-snippet:-1, max-image-preview:large, max-video-preview:-1\" \/>\n<link rel=\"canonical\" href=\"https:\/\/ccieurope.org\/en\/2024\/06\/10\/au-parlement-europeen-les-partis-dextreme-droite-sortent-renforces-mais-divises\/\" \/>\n<meta property=\"og:locale\" content=\"en_GB\" \/>\n<meta property=\"og:type\" content=\"article\" \/>\n<meta property=\"og:title\" content=\"Au Parlement europ\u00e9en, les partis d&#039;extr\u00eame droite sortent renforc\u00e9s mais divis\u00e9s - CCIE\" \/>\n<meta property=\"og:description\" content=\"L&rsquo;Autriche et la France sont les deux pays o\u00f9 ces formations politiques sont arriv\u00e9es en t\u00eate. Au lendemain des \u00e9lections europ\u00e9ennes qui renouvellent le Parlement pour les cinq ann\u00e9es \u00e0 venir, la pouss\u00e9e attendue des partis d&rsquo;extr\u00eame droite s&rsquo;est confirm\u00e9e. Alors que l&rsquo;Europe f\u00eate les 80 ans du d\u00e9barquement des troupes alli\u00e9es contre l&rsquo;occupation nazie, le spectre fasciste menace de d\u00e9barquer en force sur le Parlement. Sur les 58 d\u00e9put\u00e9s constituant le groupe \u00ab\u00a0Identit\u00e9s et D\u00e9mocratie\u00a0\u00bb rassemblant les partis d&rsquo;extr\u00eame droite europ\u00e9ens, plus de la moiti\u00e9 seront issus du RN francais. Un choc pour un des pays fondateurs de l&rsquo;UE et dont le pr\u00e9sident Emmanuel Macron avait \u00e9t\u00e9 \u00e9lu pour lui faire barrage.&nbsp;&nbsp; Ce dernier a d&rsquo;ailleurs annonc\u00e9, dans la foul\u00e9e des annonces des r\u00e9sultats, la dissolution de l\u2019Assembl\u00e9e nationale fran\u00e7aise, risquant d&rsquo;accorder une majorit\u00e9 aux d\u00e9put\u00e9(e)s RN et de nommer pour la premi\u00e8re fois de l&rsquo;histoire de France, un Premier ministre d&rsquo;extr\u00eame droite. Du c\u00f4t\u00e9 de la Belgique, les partis d\u2019extr\u00eame-droite anti-immigration Vlaams Belang et la Nouvelle alliance flamande (N-VA) sont \u00e9galement arriv\u00e9s en force, allant jusqu\u2019\u00e0 provoquer la d\u00e9mission du Premier ministre Alexander De Croo, dont le groupe a obtenu 7% des votes exprim\u00e9s. Le statu quo est pr\u00e9serv\u00e9 au Parlement europ\u00e9en, avec le groupe majoritaire des D\u00e9mocrates-Chr\u00e9tiens de l\u2019Allemande Ursula von der Leyen, ce qui signe sa r\u00e9\u00e9lection \u00e0 la t\u00eate de la Commission europ\u00e9enne. Le CCIE constate que ce qu&rsquo;il a toujours d\u00e9nonc\u00e9, se confirme : appliquer les politiques racistes d&rsquo;extr\u00eame droite n&rsquo;a pour cons\u00e9quence que de les renforcer. Seule une politique antiraciste, inclusive et fraternelle renforcera la coh\u00e9sion nationale face au fascisme qui menace les soci\u00e9t\u00e9s europ\u00e9ennes. Les r\u00e9sultats des \u00e9lections europ\u00e9ennes permettent au RN de se renforcer au Parlement europ\u00e9en sans toutefois remettre en cause les \u00e9quilibres de pouvoirs au sein de l&rsquo;institution. S&rsquo;il obtenait le m\u00eame r\u00e9sultat le soir du 7 juillet prochain, le sort de la France et de l&rsquo;Europe provoquerait une situation sans pr\u00e9c\u00e9dent.\" \/>\n<meta property=\"og:url\" content=\"https:\/\/ccieurope.org\/en\/2024\/06\/10\/au-parlement-europeen-les-partis-dextreme-droite-sortent-renforces-mais-divises\/\" \/>\n<meta property=\"og:site_name\" content=\"CCIE\" \/>\n<meta property=\"article:publisher\" content=\"https:\/\/www.facebook.com\/ccieurope.org\" \/>\n<meta property=\"article:published_time\" content=\"2024-06-10T13:58:39+00:00\" \/>\n<meta property=\"og:image\" content=\"https:\/\/ccieurope.org\/wp-content\/uploads\/2024\/06\/Parlement-europeen-qualite-inferieure.png\" \/>\n\t<meta property=\"og:image:width\" content=\"1355\" \/>\n\t<meta property=\"og:image:height\" content=\"902\" \/>\n\t<meta property=\"og:image:type\" content=\"image\/png\" \/>\n<meta name=\"author\" content=\"CCIE\" \/>\n<meta name=\"twitter:card\" content=\"summary_large_image\" \/>\n<meta name=\"twitter:creator\" content=\"@CCIEurope\" \/>\n<meta name=\"twitter:site\" content=\"@CCIEurope\" \/>\n<meta name=\"twitter:label1\" content=\"Written by\" \/>\n\t<meta name=\"twitter:data1\" content=\"CCIE\" \/>\n\t<meta name=\"twitter:label2\" content=\"Estimated reading time\" \/>\n\t<meta name=\"twitter:data2\" content=\"2 minutes\" \/>\n<script type=\"application\/ld+json\" class=\"yoast-schema-graph\">{\"@context\":\"https:\/\/schema.org\",\"@graph\":[{\"@type\":\"Article\",\"@id\":\"https:\/\/ccieurope.org\/en\/2024\/06\/10\/au-parlement-europeen-les-partis-dextreme-droite-sortent-renforces-mais-divises\/#article\",\"isPartOf\":{\"@id\":\"https:\/\/ccieurope.org\/en\/2024\/06\/10\/au-parlement-europeen-les-partis-dextreme-droite-sortent-renforces-mais-divises\/\"},\"author\":{\"name\":\"CCIE\",\"@id\":\"https:\/\/ccieurope.org\/#\/schema\/person\/4f79fdec292029b6b4c5daad08e5892f\"},\"headline\":\"Au Parlement europ\u00e9en, les partis d&rsquo;extr\u00eame droite sortent renforc\u00e9s mais divis\u00e9s\",\"datePublished\":\"2024-06-10T13:58:39+00:00\",\"mainEntityOfPage\":{\"@id\":\"https:\/\/ccieurope.org\/en\/2024\/06\/10\/au-parlement-europeen-les-partis-dextreme-droite-sortent-renforces-mais-divises\/\"},\"wordCount\":407,\"publisher\":{\"@id\":\"https:\/\/ccieurope.org\/#organization\"},\"image\":{\"@id\":\"https:\/\/ccieurope.org\/en\/2024\/06\/10\/au-parlement-europeen-les-partis-dextreme-droite-sortent-renforces-mais-divises\/#primaryimage\"},\"thumbnailUrl\":\"https:\/\/ccieurope.org\/wp-content\/uploads\/2024\/06\/Parlement-europeen-qualite-inferieure.png\",\"keywords\":[\"Belgique\",\"Europe\",\"Parlement europ\u00e9en\"],\"articleSection\":[\"Communiqu\u00e9s\"],\"inLanguage\":\"en-GB\"},{\"@type\":\"WebPage\",\"@id\":\"https:\/\/ccieurope.org\/en\/2024\/06\/10\/au-parlement-europeen-les-partis-dextreme-droite-sortent-renforces-mais-divises\/\",\"url\":\"https:\/\/ccieurope.org\/en\/2024\/06\/10\/au-parlement-europeen-les-partis-dextreme-droite-sortent-renforces-mais-divises\/\",\"name\":\"Au Parlement europ\u00e9en, les partis d'extr\u00eame droite sortent renforc\u00e9s mais divis\u00e9s - CCIE\",\"isPartOf\":{\"@id\":\"https:\/\/ccieurope.org\/#website\"},\"primaryImageOfPage\":{\"@id\":\"https:\/\/ccieurope.org\/en\/2024\/06\/10\/au-parlement-europeen-les-partis-dextreme-droite-sortent-renforces-mais-divises\/#primaryimage\"},\"image\":{\"@id\":\"https:\/\/ccieurope.org\/en\/2024\/06\/10\/au-parlement-europeen-les-partis-dextreme-droite-sortent-renforces-mais-divises\/#primaryimage\"},\"thumbnailUrl\":\"https:\/\/ccieurope.org\/wp-content\/uploads\/2024\/06\/Parlement-europeen-qualite-inferieure.png\",\"datePublished\":\"2024-06-10T13:58:39+00:00\",\"breadcrumb\":{\"@id\":\"https:\/\/ccieurope.org\/en\/2024\/06\/10\/au-parlement-europeen-les-partis-dextreme-droite-sortent-renforces-mais-divises\/#breadcrumb\"},\"inLanguage\":\"en-GB\",\"potentialAction\":[{\"@type\":\"ReadAction\",\"target\":[\"https:\/\/ccieurope.org\/en\/2024\/06\/10\/au-parlement-europeen-les-partis-dextreme-droite-sortent-renforces-mais-divises\/\"]}]},{\"@type\":\"ImageObject\",\"inLanguage\":\"en-GB\",\"@id\":\"https:\/\/ccieurope.org\/en\/2024\/06\/10\/au-parlement-europeen-les-partis-dextreme-droite-sortent-renforces-mais-divises\/#primaryimage\",\"url\":\"https:\/\/ccieurope.org\/wp-content\/uploads\/2024\/06\/Parlement-europeen-qualite-inferieure.png\",\"contentUrl\":\"https:\/\/ccieurope.org\/wp-content\/uploads\/2024\/06\/Parlement-europeen-qualite-inferieure.png\",\"width\":1355,\"height\":902},{\"@type\":\"BreadcrumbList\",\"@id\":\"https:\/\/ccieurope.org\/en\/2024\/06\/10\/au-parlement-europeen-les-partis-dextreme-droite-sortent-renforces-mais-divises\/#breadcrumb\",\"itemListElement\":[{\"@type\":\"ListItem\",\"position\":1,\"name\":\"Accueil\",\"item\":\"https:\/\/ccieurope.org\/\"},{\"@type\":\"ListItem\",\"position\":2,\"name\":\"Au Parlement europ\u00e9en, les partis d&rsquo;extr\u00eame droite sortent renforc\u00e9s mais divis\u00e9s\"}]},{\"@type\":\"WebSite\",\"@id\":\"https:\/\/ccieurope.org\/#website\",\"url\":\"https:\/\/ccieurope.org\/\",\"name\":\"CCIE\",\"description\":\"Collectif Contre l&#039;Islamophobie en Europe\",\"publisher\":{\"@id\":\"https:\/\/ccieurope.org\/#organization\"},\"potentialAction\":[{\"@type\":\"SearchAction\",\"target\":{\"@type\":\"EntryPoint\",\"urlTemplate\":\"https:\/\/ccieurope.org\/?s={search_term_string}\"},\"query-input\":{\"@type\":\"PropertyValueSpecification\",\"valueRequired\":true,\"valueName\":\"search_term_string\"}}],\"inLanguage\":\"en-GB\"},{\"@type\":\"Organization\",\"@id\":\"https:\/\/ccieurope.org\/#organization\",\"name\":\"CCIE\",\"url\":\"https:\/\/ccieurope.org\/\",\"logo\":{\"@type\":\"ImageObject\",\"inLanguage\":\"en-GB\",\"@id\":\"https:\/\/ccieurope.org\/#\/schema\/logo\/image\/\",\"url\":\"https:\/\/ccieurope.org\/wp-content\/uploads\/2021\/02\/Groupe-11.png\",\"contentUrl\":\"https:\/\/ccieurope.org\/wp-content\/uploads\/2021\/02\/Groupe-11.png\",\"width\":539,\"height\":307,\"caption\":\"CCIE\"},\"image\":{\"@id\":\"https:\/\/ccieurope.org\/#\/schema\/logo\/image\/\"},\"sameAs\":[\"https:\/\/www.facebook.com\/ccieurope.org\",\"https:\/\/x.com\/CCIEurope\",\"https:\/\/www.instagram.com\/ccieofficial\/\"]},{\"@type\":\"Person\",\"@id\":\"https:\/\/ccieurope.org\/#\/schema\/person\/4f79fdec292029b6b4c5daad08e5892f\",\"name\":\"CCIE\",\"image\":{\"@type\":\"ImageObject\",\"inLanguage\":\"en-GB\",\"@id\":\"https:\/\/ccieurope.org\/#\/schema\/person\/image\/\",\"url\":\"https:\/\/secure.gravatar.com\/avatar\/8ef1e6e0853254fe8a5f8e1d34431357ecdb44101307e8b7f4088a5d15467cbf?s=96&d=mm&r=g\",\"contentUrl\":\"https:\/\/secure.gravatar.com\/avatar\/8ef1e6e0853254fe8a5f8e1d34431357ecdb44101307e8b7f4088a5d15467cbf?s=96&d=mm&r=g\",\"caption\":\"CCIE\"},\"sameAs\":[\"https:\/\/prime.ccieurope.org\"],\"url\":\"https:\/\/ccieurope.org\/en\/author\/ccieprime\/\"}]}<\/script>\n<!-- \/ Yoast SEO plugin. -->","yoast_head_json":{"title":"Au Parlement europ\u00e9en, les partis d'extr\u00eame droite sortent renforc\u00e9s mais divis\u00e9s - CCIE","robots":{"index":"index","follow":"follow","max-snippet":"max-snippet:-1","max-image-preview":"max-image-preview:large","max-video-preview":"max-video-preview:-1"},"canonical":"https:\/\/ccieurope.org\/en\/2024\/06\/10\/au-parlement-europeen-les-partis-dextreme-droite-sortent-renforces-mais-divises\/","og_locale":"en_GB","og_type":"article","og_title":"Au Parlement europ\u00e9en, les partis d'extr\u00eame droite sortent renforc\u00e9s mais divis\u00e9s - CCIE","og_description":"L&rsquo;Autriche et la France sont les deux pays o\u00f9 ces formations politiques sont arriv\u00e9es en t\u00eate. Au lendemain des \u00e9lections europ\u00e9ennes qui renouvellent le Parlement pour les cinq ann\u00e9es \u00e0 venir, la pouss\u00e9e attendue des partis d&rsquo;extr\u00eame droite s&rsquo;est confirm\u00e9e. Alors que l&rsquo;Europe f\u00eate les 80 ans du d\u00e9barquement des troupes alli\u00e9es contre l&rsquo;occupation nazie, le spectre fasciste menace de d\u00e9barquer en force sur le Parlement. Sur les 58 d\u00e9put\u00e9s constituant le groupe \u00ab\u00a0Identit\u00e9s et D\u00e9mocratie\u00a0\u00bb rassemblant les partis d&rsquo;extr\u00eame droite europ\u00e9ens, plus de la moiti\u00e9 seront issus du RN francais. Un choc pour un des pays fondateurs de l&rsquo;UE et dont le pr\u00e9sident Emmanuel Macron avait \u00e9t\u00e9 \u00e9lu pour lui faire barrage.&nbsp;&nbsp; Ce dernier a d&rsquo;ailleurs annonc\u00e9, dans la foul\u00e9e des annonces des r\u00e9sultats, la dissolution de l\u2019Assembl\u00e9e nationale fran\u00e7aise, risquant d&rsquo;accorder une majorit\u00e9 aux d\u00e9put\u00e9(e)s RN et de nommer pour la premi\u00e8re fois de l&rsquo;histoire de France, un Premier ministre d&rsquo;extr\u00eame droite. Du c\u00f4t\u00e9 de la Belgique, les partis d\u2019extr\u00eame-droite anti-immigration Vlaams Belang et la Nouvelle alliance flamande (N-VA) sont \u00e9galement arriv\u00e9s en force, allant jusqu\u2019\u00e0 provoquer la d\u00e9mission du Premier ministre Alexander De Croo, dont le groupe a obtenu 7% des votes exprim\u00e9s. Le statu quo est pr\u00e9serv\u00e9 au Parlement europ\u00e9en, avec le groupe majoritaire des D\u00e9mocrates-Chr\u00e9tiens de l\u2019Allemande Ursula von der Leyen, ce qui signe sa r\u00e9\u00e9lection \u00e0 la t\u00eate de la Commission europ\u00e9enne. Le CCIE constate que ce qu&rsquo;il a toujours d\u00e9nonc\u00e9, se confirme : appliquer les politiques racistes d&rsquo;extr\u00eame droite n&rsquo;a pour cons\u00e9quence que de les renforcer. Seule une politique antiraciste, inclusive et fraternelle renforcera la coh\u00e9sion nationale face au fascisme qui menace les soci\u00e9t\u00e9s europ\u00e9ennes. Les r\u00e9sultats des \u00e9lections europ\u00e9ennes permettent au RN de se renforcer au Parlement europ\u00e9en sans toutefois remettre en cause les \u00e9quilibres de pouvoirs au sein de l&rsquo;institution. S&rsquo;il obtenait le m\u00eame r\u00e9sultat le soir du 7 juillet prochain, le sort de la France et de l&rsquo;Europe provoquerait une situation sans pr\u00e9c\u00e9dent.","og_url":"https:\/\/ccieurope.org\/en\/2024\/06\/10\/au-parlement-europeen-les-partis-dextreme-droite-sortent-renforces-mais-divises\/","og_site_name":"CCIE","article_publisher":"https:\/\/www.facebook.com\/ccieurope.org","article_published_time":"2024-06-10T13:58:39+00:00","og_image":[{"width":1355,"height":902,"url":"https:\/\/ccieurope.org\/wp-content\/uploads\/2024\/06\/Parlement-europeen-qualite-inferieure.png","type":"image\/png"}],"author":"CCIE","twitter_card":"summary_large_image","twitter_creator":"@CCIEurope","twitter_site":"@CCIEurope","twitter_misc":{"Written by":"CCIE","Estimated reading time":"2 minutes"},"schema":{"@context":"https:\/\/schema.org","@graph":[{"@type":"Article","@id":"https:\/\/ccieurope.org\/en\/2024\/06\/10\/au-parlement-europeen-les-partis-dextreme-droite-sortent-renforces-mais-divises\/#article","isPartOf":{"@id":"https:\/\/ccieurope.org\/en\/2024\/06\/10\/au-parlement-europeen-les-partis-dextreme-droite-sortent-renforces-mais-divises\/"},"author":{"name":"CCIE","@id":"https:\/\/ccieurope.org\/#\/schema\/person\/4f79fdec292029b6b4c5daad08e5892f"},"headline":"Au Parlement europ\u00e9en, les partis d&rsquo;extr\u00eame droite sortent renforc\u00e9s mais divis\u00e9s","datePublished":"2024-06-10T13:58:39+00:00","mainEntityOfPage":{"@id":"https:\/\/ccieurope.org\/en\/2024\/06\/10\/au-parlement-europeen-les-partis-dextreme-droite-sortent-renforces-mais-divises\/"},"wordCount":407,"publisher":{"@id":"https:\/\/ccieurope.org\/#organization"},"image":{"@id":"https:\/\/ccieurope.org\/en\/2024\/06\/10\/au-parlement-europeen-les-partis-dextreme-droite-sortent-renforces-mais-divises\/#primaryimage"},"thumbnailUrl":"https:\/\/ccieurope.org\/wp-content\/uploads\/2024\/06\/Parlement-europeen-qualite-inferieure.png","keywords":["Belgique","Europe","Parlement europ\u00e9en"],"articleSection":["Communiqu\u00e9s"],"inLanguage":"en-GB"},{"@type":"WebPage","@id":"https:\/\/ccieurope.org\/en\/2024\/06\/10\/au-parlement-europeen-les-partis-dextreme-droite-sortent-renforces-mais-divises\/","url":"https:\/\/ccieurope.org\/en\/2024\/06\/10\/au-parlement-europeen-les-partis-dextreme-droite-sortent-renforces-mais-divises\/","name":"Au Parlement europ\u00e9en, les partis d'extr\u00eame droite sortent renforc\u00e9s mais divis\u00e9s - CCIE","isPartOf":{"@id":"https:\/\/ccieurope.org\/#website"},"primaryImageOfPage":{"@id":"https:\/\/ccieurope.org\/en\/2024\/06\/10\/au-parlement-europeen-les-partis-dextreme-droite-sortent-renforces-mais-divises\/#primaryimage"},"image":{"@id":"https:\/\/ccieurope.org\/en\/2024\/06\/10\/au-parlement-europeen-les-partis-dextreme-droite-sortent-renforces-mais-divises\/#primaryimage"},"thumbnailUrl":"https:\/\/ccieurope.org\/wp-content\/uploads\/2024\/06\/Parlement-europeen-qualite-inferieure.png","datePublished":"2024-06-10T13:58:39+00:00","breadcrumb":{"@id":"https:\/\/ccieurope.org\/en\/2024\/06\/10\/au-parlement-europeen-les-partis-dextreme-droite-sortent-renforces-mais-divises\/#breadcrumb"},"inLanguage":"en-GB","potentialAction":[{"@type":"ReadAction","target":["https:\/\/ccieurope.org\/en\/2024\/06\/10\/au-parlement-europeen-les-partis-dextreme-droite-sortent-renforces-mais-divises\/"]}]},{"@type":"ImageObject","inLanguage":"en-GB","@id":"https:\/\/ccieurope.org\/en\/2024\/06\/10\/au-parlement-europeen-les-partis-dextreme-droite-sortent-renforces-mais-divises\/#primaryimage","url":"https:\/\/ccieurope.org\/wp-content\/uploads\/2024\/06\/Parlement-europeen-qualite-inferieure.png","contentUrl":"https:\/\/ccieurope.org\/wp-content\/uploads\/2024\/06\/Parlement-europeen-qualite-inferieure.png","width":1355,"height":902},{"@type":"BreadcrumbList","@id":"https:\/\/ccieurope.org\/en\/2024\/06\/10\/au-parlement-europeen-les-partis-dextreme-droite-sortent-renforces-mais-divises\/#breadcrumb","itemListElement":[{"@type":"ListItem","position":1,"name":"Accueil","item":"https:\/\/ccieurope.org\/"},{"@type":"ListItem","position":2,"name":"Au Parlement europ\u00e9en, les partis d&rsquo;extr\u00eame droite sortent renforc\u00e9s mais divis\u00e9s"}]},{"@type":"WebSite","@id":"https:\/\/ccieurope.org\/#website","url":"https:\/\/ccieurope.org\/","name":"CCIE","description":"Collectif Contre l&#039;Islamophobie en Europe","publisher":{"@id":"https:\/\/ccieurope.org\/#organization"},"potentialAction":[{"@type":"SearchAction","target":{"@type":"EntryPoint","urlTemplate":"https:\/\/ccieurope.org\/?s={search_term_string}"},"query-input":{"@type":"PropertyValueSpecification","valueRequired":true,"valueName":"search_term_string"}}],"inLanguage":"en-GB"},{"@type":"Organization","@id":"https:\/\/ccieurope.org\/#organization","name":"CCIE","url":"https:\/\/ccieurope.org\/","logo":{"@type":"ImageObject","inLanguage":"en-GB","@id":"https:\/\/ccieurope.org\/#\/schema\/logo\/image\/","url":"https:\/\/ccieurope.org\/wp-content\/uploads\/2021\/02\/Groupe-11.png","contentUrl":"https:\/\/ccieurope.org\/wp-content\/uploads\/2021\/02\/Groupe-11.png","width":539,"height":307,"caption":"CCIE"},"image":{"@id":"https:\/\/ccieurope.org\/#\/schema\/logo\/image\/"},"sameAs":["https:\/\/www.facebook.com\/ccieurope.org","https:\/\/x.com\/CCIEurope","https:\/\/www.instagram.com\/ccieofficial\/"]},{"@type":"Person","@id":"https:\/\/ccieurope.org\/#\/schema\/person\/4f79fdec292029b6b4c5daad08e5892f","name":"CCIE","image":{"@type":"ImageObject","inLanguage":"en-GB","@id":"https:\/\/ccieurope.org\/#\/schema\/person\/image\/","url":"https:\/\/secure.gravatar.com\/avatar\/8ef1e6e0853254fe8a5f8e1d34431357ecdb44101307e8b7f4088a5d15467cbf?s=96&d=mm&r=g","contentUrl":"https:\/\/secure.gravatar.com\/avatar\/8ef1e6e0853254fe8a5f8e1d34431357ecdb44101307e8b7f4088a5d15467cbf?s=96&d=mm&r=g","caption":"CCIE"},"sameAs":["https:\/\/prime.ccieurope.org"],"url":"https:\/\/ccieurope.org\/en\/author\/ccieprime\/"}]}},"_links":{"self":[{"href":"https:\/\/ccieurope.org\/en\/wp-json\/wp\/v2\/posts\/34006","targetHints":{"allow":["GET"]}}],"collection":[{"href":"https:\/\/ccieurope.org\/en\/wp-json\/wp\/v2\/posts"}],"about":[{"href":"https:\/\/ccieurope.org\/en\/wp-json\/wp\/v2\/types\/post"}],"author":[{"embeddable":true,"href":"https:\/\/ccieurope.org\/en\/wp-json\/wp\/v2\/users\/1"}],"replies":[{"embeddable":true,"href":"https:\/\/ccieurope.org\/en\/wp-json\/wp\/v2\/comments?post=34006"}],"version-history":[{"count":1,"href":"https:\/\/ccieurope.org\/en\/wp-json\/wp\/v2\/posts\/34006\/revisions"}],"predecessor-version":[{"id":34009,"href":"https:\/\/ccieurope.org\/en\/wp-json\/wp\/v2\/posts\/34006\/revisions\/34009"}],"wp:featuredmedia":[{"embeddable":true,"href":"https:\/\/ccieurope.org\/en\/wp-json\/wp\/v2\/media\/34008"}],"wp:attachment":[{"href":"https:\/\/ccieurope.org\/en\/wp-json\/wp\/v2\/media?parent=34006"}],"wp:term":[{"taxonomy":"category","embeddable":true,"href":"https:\/\/ccieurope.org\/en\/wp-json\/wp\/v2\/categories?post=34006"},{"taxonomy":"post_tag","embeddable":true,"href":"https:\/\/ccieurope.org\/en\/wp-json\/wp\/v2\/tags?post=34006"}],"curies":[{"name":"wp","href":"https:\/\/api.w.org\/{rel}","templated":true}]}}