{"id":34037,"date":"2024-07-13T18:00:00","date_gmt":"2024-07-13T16:00:00","guid":{"rendered":"https:\/\/ccieurope.org\/?p=34037"},"modified":"2024-07-12T15:05:30","modified_gmt":"2024-07-12T13:05:30","slug":"agression-raciste-dans-un-parc-public","status":"publish","type":"post","link":"https:\/\/ccieurope.org\/en\/2024\/07\/13\/agression-raciste-dans-un-parc-public\/","title":{"rendered":"Agression raciste dans un parc public"},"content":{"rendered":"<p>Une m\u00e8re et son enfant ont \u00e9t\u00e9 victimes d\u2019une agression raciste et islamophobe dans un parc public. Regardez cette vid\u00e9o pour comprendre la r\u00e9alit\u00e9 de ces agressions quotidiennes et partagez autour de vous.<\/p>\n\n\n\n<iframe width=\"1155\" height=\"692\" src=\"https:\/\/www.youtube.com\/embed\/VtkOIO2CQe4\" title=\"\" frameborder=\"0\" allow=\"accelerometer; autoplay; clipboard-write; encrypted-media; gyroscope; picture-in-picture; web-share\" referrerpolicy=\"strict-origin-when-cross-origin\" allowfullscreen><\/iframe>","protected":false},"excerpt":{"rendered":"<p>Une m\u00e8re et son enfant ont \u00e9t\u00e9 victimes d\u2019une agression raciste et islamophobe dans un parc public. Regardez cette vid\u00e9o pour comprendre la r\u00e9alit\u00e9 de ces agressions quotidiennes et partagez autour de vous.<\/p>","protected":false},"author":1,"featured_media":34038,"comment_status":"closed","ping_status":"closed","sticky":false,"template":"","format":"standard","meta":{"give_campaign_id":0,"cybocfi_hide_featured_image":"yes","footnotes":""},"categories":[66,74],"tags":[],"class_list":["post-34037","post","type-post","status-publish","format-standard","has-post-thumbnail","hentry","category-temoignages","category-videos"],"yoast_head":"<!-- This site is optimized with the Yoast SEO plugin v26.4 - https:\/\/yoast.com\/wordpress\/plugins\/seo\/ -->\n<title>Agression raciste dans un parc public - CCIE<\/title>\n<meta name=\"robots\" content=\"index, follow, max-snippet:-1, max-image-preview:large, max-video-preview:-1\" \/>\n<link rel=\"canonical\" href=\"https:\/\/ccieurope.org\/en\/2024\/07\/13\/agression-raciste-dans-un-parc-public\/\" \/>\n<meta property=\"og:locale\" content=\"en_GB\" \/>\n<meta property=\"og:type\" content=\"article\" \/>\n<meta property=\"og:title\" content=\"Agression raciste dans un parc public - CCIE\" \/>\n<meta property=\"og:description\" content=\"Une m\u00e8re et son enfant ont \u00e9t\u00e9 victimes d\u2019une agression raciste et islamophobe dans un parc public. Regardez cette vid\u00e9o pour comprendre la r\u00e9alit\u00e9 de ces agressions quotidiennes et partagez autour de vous.\" \/>\n<meta property=\"og:url\" content=\"https:\/\/ccieurope.org\/en\/2024\/07\/13\/agression-raciste-dans-un-parc-public\/\" \/>\n<meta property=\"og:site_name\" content=\"CCIE\" \/>\n<meta property=\"article:publisher\" content=\"https:\/\/www.facebook.com\/ccieurope.org\" \/>\n<meta property=\"article:published_time\" content=\"2024-07-13T16:00:00+00:00\" \/>\n<meta property=\"og:image\" content=\"https:\/\/ccieurope.org\/wp-content\/uploads\/2024\/07\/Agression-raciste-dans-un-parc-public-1.png\" \/>\n\t<meta property=\"og:image:width\" content=\"580\" \/>\n\t<meta property=\"og:image:height\" content=\"750\" \/>\n\t<meta property=\"og:image:type\" content=\"image\/png\" \/>\n<meta name=\"author\" content=\"CCIE\" \/>\n<meta name=\"twitter:card\" content=\"summary_large_image\" \/>\n<meta name=\"twitter:creator\" content=\"@CCIEurope\" \/>\n<meta name=\"twitter:site\" content=\"@CCIEurope\" \/>\n<meta name=\"twitter:label1\" content=\"Written by\" \/>\n\t<meta name=\"twitter:data1\" content=\"CCIE\" \/>\n<script type=\"application\/ld+json\" class=\"yoast-schema-graph\">{\"@context\":\"https:\/\/schema.org\",\"@graph\":[{\"@type\":\"Article\",\"@id\":\"https:\/\/ccieurope.org\/2024\/07\/13\/agression-raciste-dans-un-parc-public\/#article\",\"isPartOf\":{\"@id\":\"https:\/\/ccieurope.org\/2024\/07\/13\/agression-raciste-dans-un-parc-public\/\"},\"author\":{\"name\":\"CCIE\",\"@id\":\"https:\/\/ccieurope.org\/#\/schema\/person\/4f79fdec292029b6b4c5daad08e5892f\"},\"headline\":\"Agression raciste dans un parc public\",\"datePublished\":\"2024-07-13T16:00:00+00:00\",\"mainEntityOfPage\":{\"@id\":\"https:\/\/ccieurope.org\/2024\/07\/13\/agression-raciste-dans-un-parc-public\/\"},\"wordCount\":43,\"publisher\":{\"@id\":\"https:\/\/ccieurope.org\/#organization\"},\"image\":{\"@id\":\"https:\/\/ccieurope.org\/2024\/07\/13\/agression-raciste-dans-un-parc-public\/#primaryimage\"},\"thumbnailUrl\":\"https:\/\/ccieurope.org\/wp-content\/uploads\/2024\/07\/Agression-raciste-dans-un-parc-public-1.png\",\"articleSection\":[\"T\u00e9moignages\",\"Vid\u00e9os\"],\"inLanguage\":\"en-GB\"},{\"@type\":\"WebPage\",\"@id\":\"https:\/\/ccieurope.org\/2024\/07\/13\/agression-raciste-dans-un-parc-public\/\",\"url\":\"https:\/\/ccieurope.org\/2024\/07\/13\/agression-raciste-dans-un-parc-public\/\",\"name\":\"Agression raciste dans un parc public - CCIE\",\"isPartOf\":{\"@id\":\"https:\/\/ccieurope.org\/#website\"},\"primaryImageOfPage\":{\"@id\":\"https:\/\/ccieurope.org\/2024\/07\/13\/agression-raciste-dans-un-parc-public\/#primaryimage\"},\"image\":{\"@id\":\"https:\/\/ccieurope.org\/2024\/07\/13\/agression-raciste-dans-un-parc-public\/#primaryimage\"},\"thumbnailUrl\":\"https:\/\/ccieurope.org\/wp-content\/uploads\/2024\/07\/Agression-raciste-dans-un-parc-public-1.png\",\"datePublished\":\"2024-07-13T16:00:00+00:00\",\"breadcrumb\":{\"@id\":\"https:\/\/ccieurope.org\/2024\/07\/13\/agression-raciste-dans-un-parc-public\/#breadcrumb\"},\"inLanguage\":\"en-GB\",\"potentialAction\":[{\"@type\":\"ReadAction\",\"target\":[\"https:\/\/ccieurope.org\/2024\/07\/13\/agression-raciste-dans-un-parc-public\/\"]}]},{\"@type\":\"BreadcrumbList\",\"@id\":\"https:\/\/ccieurope.org\/2024\/07\/13\/agression-raciste-dans-un-parc-public\/#breadcrumb\",\"itemListElement\":[{\"@type\":\"ListItem\",\"position\":1,\"name\":\"Accueil\",\"item\":\"https:\/\/ccieurope.org\/\"},{\"@type\":\"ListItem\",\"position\":2,\"name\":\"Agression raciste dans un parc public\"}]},{\"@type\":\"WebSite\",\"@id\":\"https:\/\/ccieurope.org\/#website\",\"url\":\"https:\/\/ccieurope.org\/\",\"name\":\"CCIE\",\"description\":\"Collectif Contre l&#039;Islamophobie en Europe\",\"publisher\":{\"@id\":\"https:\/\/ccieurope.org\/#organization\"},\"potentialAction\":[{\"@type\":\"SearchAction\",\"target\":{\"@type\":\"EntryPoint\",\"urlTemplate\":\"https:\/\/ccieurope.org\/?s={search_term_string}\"},\"query-input\":{\"@type\":\"PropertyValueSpecification\",\"valueRequired\":true,\"valueName\":\"search_term_string\"}}],\"inLanguage\":\"en-GB\"},{\"@type\":\"Organization\",\"@id\":\"https:\/\/ccieurope.org\/#organization\",\"name\":\"CCIE\",\"url\":\"https:\/\/ccieurope.org\/\",\"logo\":{\"@type\":\"ImageObject\",\"inLanguage\":\"en-GB\",\"@id\":\"https:\/\/ccieurope.org\/#\/schema\/logo\/image\/\",\"url\":\"https:\/\/ccieurope.org\/wp-content\/uploads\/2021\/02\/Groupe-11.png\",\"contentUrl\":\"https:\/\/ccieurope.org\/wp-content\/uploads\/2021\/02\/Groupe-11.png\",\"width\":539,\"height\":307,\"caption\":\"CCIE\"},\"image\":{\"@id\":\"https:\/\/ccieurope.org\/#\/schema\/logo\/image\/\"},\"sameAs\":[\"https:\/\/www.facebook.com\/ccieurope.org\",\"https:\/\/x.com\/CCIEurope\",\"https:\/\/www.instagram.com\/ccieofficial\/\"]},{\"@type\":\"Person\",\"@id\":\"https:\/\/ccieurope.org\/#\/schema\/person\/4f79fdec292029b6b4c5daad08e5892f\",\"name\":\"CCIE\",\"image\":{\"@type\":\"ImageObject\",\"inLanguage\":\"en-GB\",\"@id\":\"https:\/\/ccieurope.org\/#\/schema\/person\/image\/\",\"url\":\"https:\/\/secure.gravatar.com\/avatar\/8ef1e6e0853254fe8a5f8e1d34431357ecdb44101307e8b7f4088a5d15467cbf?s=96&d=mm&r=g\",\"contentUrl\":\"https:\/\/secure.gravatar.com\/avatar\/8ef1e6e0853254fe8a5f8e1d34431357ecdb44101307e8b7f4088a5d15467cbf?s=96&d=mm&r=g\",\"caption\":\"CCIE\"},\"sameAs\":[\"https:\/\/prime.ccieurope.org\"],\"url\":\"https:\/\/ccieurope.org\/en\/author\/ccieprime\/\"}]}<\/script>\n<!-- \/ Yoast SEO plugin. -->","yoast_head_json":{"title":"Agression raciste dans un parc public - CCIE","robots":{"index":"index","follow":"follow","max-snippet":"max-snippet:-1","max-image-preview":"max-image-preview:large","max-video-preview":"max-video-preview:-1"},"canonical":"https:\/\/ccieurope.org\/en\/2024\/07\/13\/agression-raciste-dans-un-parc-public\/","og_locale":"en_GB","og_type":"article","og_title":"Agression raciste dans un parc public - CCIE","og_description":"Une m\u00e8re et son enfant ont \u00e9t\u00e9 victimes d\u2019une agression raciste et islamophobe dans un parc public. Regardez cette vid\u00e9o pour comprendre la r\u00e9alit\u00e9 de ces agressions quotidiennes et partagez autour de vous.","og_url":"https:\/\/ccieurope.org\/en\/2024\/07\/13\/agression-raciste-dans-un-parc-public\/","og_site_name":"CCIE","article_publisher":"https:\/\/www.facebook.com\/ccieurope.org","article_published_time":"2024-07-13T16:00:00+00:00","og_image":[{"width":580,"height":750,"url":"https:\/\/ccieurope.org\/wp-content\/uploads\/2024\/07\/Agression-raciste-dans-un-parc-public-1.png","type":"image\/png"}],"author":"CCIE","twitter_card":"summary_large_image","twitter_creator":"@CCIEurope","twitter_site":"@CCIEurope","twitter_misc":{"Written by":"CCIE"},"schema":{"@context":"https:\/\/schema.org","@graph":[{"@type":"Article","@id":"https:\/\/ccieurope.org\/2024\/07\/13\/agression-raciste-dans-un-parc-public\/#article","isPartOf":{"@id":"https:\/\/ccieurope.org\/2024\/07\/13\/agression-raciste-dans-un-parc-public\/"},"author":{"name":"CCIE","@id":"https:\/\/ccieurope.org\/#\/schema\/person\/4f79fdec292029b6b4c5daad08e5892f"},"headline":"Agression raciste dans un parc public","datePublished":"2024-07-13T16:00:00+00:00","mainEntityOfPage":{"@id":"https:\/\/ccieurope.org\/2024\/07\/13\/agression-raciste-dans-un-parc-public\/"},"wordCount":43,"publisher":{"@id":"https:\/\/ccieurope.org\/#organization"},"image":{"@id":"https:\/\/ccieurope.org\/2024\/07\/13\/agression-raciste-dans-un-parc-public\/#primaryimage"},"thumbnailUrl":"https:\/\/ccieurope.org\/wp-content\/uploads\/2024\/07\/Agression-raciste-dans-un-parc-public-1.png","articleSection":["T\u00e9moignages","Vid\u00e9os"],"inLanguage":"en-GB"},{"@type":"WebPage","@id":"https:\/\/ccieurope.org\/2024\/07\/13\/agression-raciste-dans-un-parc-public\/","url":"https:\/\/ccieurope.org\/2024\/07\/13\/agression-raciste-dans-un-parc-public\/","name":"Agression raciste dans un parc public - CCIE","isPartOf":{"@id":"https:\/\/ccieurope.org\/#website"},"primaryImageOfPage":{"@id":"https:\/\/ccieurope.org\/2024\/07\/13\/agression-raciste-dans-un-parc-public\/#primaryimage"},"image":{"@id":"https:\/\/ccieurope.org\/2024\/07\/13\/agression-raciste-dans-un-parc-public\/#primaryimage"},"thumbnailUrl":"https:\/\/ccieurope.org\/wp-content\/uploads\/2024\/07\/Agression-raciste-dans-un-parc-public-1.png","datePublished":"2024-07-13T16:00:00+00:00","breadcrumb":{"@id":"https:\/\/ccieurope.org\/2024\/07\/13\/agression-raciste-dans-un-parc-public\/#breadcrumb"},"inLanguage":"en-GB","potentialAction":[{"@type":"ReadAction","target":["https:\/\/ccieurope.org\/2024\/07\/13\/agression-raciste-dans-un-parc-public\/"]}]},{"@type":"BreadcrumbList","@id":"https:\/\/ccieurope.org\/2024\/07\/13\/agression-raciste-dans-un-parc-public\/#breadcrumb","itemListElement":[{"@type":"ListItem","position":1,"name":"Accueil","item":"https:\/\/ccieurope.org\/"},{"@type":"ListItem","position":2,"name":"Agression raciste dans un parc public"}]},{"@type":"WebSite","@id":"https:\/\/ccieurope.org\/#website","url":"https:\/\/ccieurope.org\/","name":"CCIE","description":"Collectif Contre l&#039;Islamophobie en Europe","publisher":{"@id":"https:\/\/ccieurope.org\/#organization"},"potentialAction":[{"@type":"SearchAction","target":{"@type":"EntryPoint","urlTemplate":"https:\/\/ccieurope.org\/?s={search_term_string}"},"query-input":{"@type":"PropertyValueSpecification","valueRequired":true,"valueName":"search_term_string"}}],"inLanguage":"en-GB"},{"@type":"Organization","@id":"https:\/\/ccieurope.org\/#organization","name":"CCIE","url":"https:\/\/ccieurope.org\/","logo":{"@type":"ImageObject","inLanguage":"en-GB","@id":"https:\/\/ccieurope.org\/#\/schema\/logo\/image\/","url":"https:\/\/ccieurope.org\/wp-content\/uploads\/2021\/02\/Groupe-11.png","contentUrl":"https:\/\/ccieurope.org\/wp-content\/uploads\/2021\/02\/Groupe-11.png","width":539,"height":307,"caption":"CCIE"},"image":{"@id":"https:\/\/ccieurope.org\/#\/schema\/logo\/image\/"},"sameAs":["https:\/\/www.facebook.com\/ccieurope.org","https:\/\/x.com\/CCIEurope","https:\/\/www.instagram.com\/ccieofficial\/"]},{"@type":"Person","@id":"https:\/\/ccieurope.org\/#\/schema\/person\/4f79fdec292029b6b4c5daad08e5892f","name":"CCIE","image":{"@type":"ImageObject","inLanguage":"en-GB","@id":"https:\/\/ccieurope.org\/#\/schema\/person\/image\/","url":"https:\/\/secure.gravatar.com\/avatar\/8ef1e6e0853254fe8a5f8e1d34431357ecdb44101307e8b7f4088a5d15467cbf?s=96&d=mm&r=g","contentUrl":"https:\/\/secure.gravatar.com\/avatar\/8ef1e6e0853254fe8a5f8e1d34431357ecdb44101307e8b7f4088a5d15467cbf?s=96&d=mm&r=g","caption":"CCIE"},"sameAs":["https:\/\/prime.ccieurope.org"],"url":"https:\/\/ccieurope.org\/en\/author\/ccieprime\/"}]}},"_links":{"self":[{"href":"https:\/\/ccieurope.org\/en\/wp-json\/wp\/v2\/posts\/34037","targetHints":{"allow":["GET"]}}],"collection":[{"href":"https:\/\/ccieurope.org\/en\/wp-json\/wp\/v2\/posts"}],"about":[{"href":"https:\/\/ccieurope.org\/en\/wp-json\/wp\/v2\/types\/post"}],"author":[{"embeddable":true,"href":"https:\/\/ccieurope.org\/en\/wp-json\/wp\/v2\/users\/1"}],"replies":[{"embeddable":true,"href":"https:\/\/ccieurope.org\/en\/wp-json\/wp\/v2\/comments?post=34037"}],"version-history":[{"count":2,"href":"https:\/\/ccieurope.org\/en\/wp-json\/wp\/v2\/posts\/34037\/revisions"}],"predecessor-version":[{"id":34040,"href":"https:\/\/ccieurope.org\/en\/wp-json\/wp\/v2\/posts\/34037\/revisions\/34040"}],"wp:featuredmedia":[{"embeddable":true,"href":"https:\/\/ccieurope.org\/en\/wp-json\/wp\/v2\/media\/34038"}],"wp:attachment":[{"href":"https:\/\/ccieurope.org\/en\/wp-json\/wp\/v2\/media?parent=34037"}],"wp:term":[{"taxonomy":"category","embeddable":true,"href":"https:\/\/ccieurope.org\/en\/wp-json\/wp\/v2\/categories?post=34037"},{"taxonomy":"post_tag","embeddable":true,"href":"https:\/\/ccieurope.org\/en\/wp-json\/wp\/v2\/tags?post=34037"}],"curies":[{"name":"wp","href":"https:\/\/api.w.org\/{rel}","templated":true}]}}