{"id":31542,"date":"2022-04-24T15:57:31","date_gmt":"2022-04-24T13:57:31","guid":{"rendered":"https:\/\/ccieurope.org\/?p=31542"},"modified":"2024-01-30T16:43:26","modified_gmt":"2024-01-30T15:43:26","slug":"les-moutons-voles-pendant-le-ramadan-saisissez-le-csa","status":"publish","type":"post","link":"https:\/\/ccieurope.org\/nl\/2022\/04\/24\/les-moutons-voles-pendant-le-ramadan-saisissez-le-csa\/","title":{"rendered":"Les moutons vol\u00e9s pendant le ramadan : saisissez le CSA"},"content":{"rendered":"<p><strong><em>30 mars 2022, sur CNEWS, dans l\u2019\u00e9mission L\u2019Heure des Pros 2<\/em><\/strong><strong>.<\/strong> Dans un d\u00e9bat portant sur la possible victoire de Marine Le Pen aux \u00e9lections pr\u00e9sidentielles, le journaliste (chef sur service \u201cEtranger\u201d sur LCI) Vincent Hervou\u00ebt \u00e9voque le d\u00e9ni d\u2019Emmanuel Macron face aux revendications de certains agriculteurs. Dans le r\u00e9cit qu\u2019il fait de l\u2019agriculteur qui a tu\u00e9, fin mars \u00e0 Longr\u00e9 en Charente, l\u2019un de ses cambrioleurs, il \u00e9num\u00e8re les diff\u00e9rentes probl\u00e9matiques que rencontrent les agriculteurs, et notamment les pillages. Il encha\u00eene ensuite en visant la communaut\u00e9 musulmane :<\/p>\n\n\n\n<ul class=\"wp-block-list\"><li><strong>Vincent Hervou\u00ebt<\/strong> : On rentre dans le ramadan. \u00c7a va \u00eatre les moutons qui vont \u00eatre\u2026 enlev\u00e9s.<\/li><li><strong>Elisabeth L\u00e9vy<\/strong> : On ne leur enl\u00e8ve pas de force\u2026<\/li><li><strong>VH<\/strong> : Eh bien si, bien s\u00fbr que si ! Il y a des vols de moutons.<\/li><li><strong>EL<\/strong> : Ah pardon.<\/li><li><strong>VH<\/strong> : Avant l\u2019Aid, il y a des vols partout, de moutons.<\/li><\/ul>\n\n\n\n<figure class=\"wp-block-video\"><video controls src=\"https:\/\/ccieurope.org\/wp-content\/uploads\/2022\/04\/vincent-hervouet.mp4\"><\/video><\/figure>\n\n\n\n<p>Alors qu\u2019Elisabeth L\u00e9vy semble choqu\u00e9e par cette information, Vincent Hervou\u00ebt continue sa d\u00e9monstration pour \u00e9voquer la solitude des agriculteurs. L\u2019animateur de l\u2019\u00e9mission, Pascal Praud, reste silencieux. Il faudra attendre plusieurs minutes avant qu\u2019il ne reprenne la parole pour annoncer la suite du d\u00e9bat.<\/p>\n\n\n\n<p>En plus de faire erreur sur la p\u00e9riode (le ramadan, qui d\u00e9butait effectivement quelques jours plus tard, est un mois de je\u00fbne qui se termine par une f\u00eate qui n\u2019a rien \u00e0 voir avec la f\u00eate du sacrifice, qui elle a lieu, cette ann\u00e9e, en juillet 2022), Vincent Hervou\u00ebt vise clairement la communaut\u00e9 musulmane et appuie une id\u00e9e raciste qui a son ancrage depuis longtemps, en particulier depuis que M. Sarkozy a parl\u00e9 des moutons \u00e9gorg\u00e9s dans les baignoires des musulmans. Dans un contexte de prise de parole o\u00f9 M. Hervou\u00ebt d\u00e9fend un agriculteur qui s\u2019est fait justice lui-m\u00eame \u00e0 l\u2019aide de son fusil de chasse, il semble \u00e9vident que cette information sur les vols de moutons pendant le ramadan incite \u00e0 la haine, \u00e0 la violence ou \u00e0 la discrimination \u00e0 l\u2019encontre d\u2019un groupe d\u00e9termin\u00e9 en raison de son appartenance religieuse. <strong><a href=\"https:\/\/www.facebook.com\/ccieurope.org\/photos\/a.414212521927607\/5767713413244131\/\" target=\"_blank\" rel=\"noreferrer noopener\">Le CCIE a donc d\u00e9cid\u00e9 de d\u00e9poser plainte contre Vincent Hervou\u00ebt, Pascal Praud et CNEWS.<\/a><\/strong><\/p>\n\n\n\n<p>Nous vous invitons \u00e0 effectuer un signalement aupr\u00e8s du CSA (ARCOM) en vous rendant <a href=\"https:\/\/www.csa.fr\/Mes-services\/Alerter-le-CSA-sur-un-programme\/formulaire#\/\">sur ce lien et en compl\u00e9tant le formulaire<\/a>. <strong>Le nombre de personnes qui saisissent le CSA a son importance dans la prise en charge du dossier.<\/strong> Afin de vous faciliter le travail, nous avons regroup\u00e9 les informations n\u00e9cessaires au signalement ci-dessous :<\/p>\n\n\n\n<ul class=\"wp-block-list\"><li>Je suis <strong>particulier<\/strong><\/li><li>Type de m\u00e9dia : <strong>T\u00e9l\u00e9vision<\/strong><\/li><li>Type de programme concern\u00e9 : <strong>Emission \/ Fiction \/ Information<\/strong><\/li><li>Nom de la cha\u00eene : <strong>CNEWS<\/strong><\/li><li>Date de diffusion : <strong>31\/03\/2022<\/strong><\/li><li>Heure de diffusion : <strong>20:00<\/strong><\/li><li>Heure de la s\u00e9quence : <strong>20:12<\/strong><\/li><li>Nom de l&rsquo;\u00e9mission : <strong>Autre <\/strong>&gt; <strong>L&rsquo;Heure des Pros 2<\/strong><\/li><li>Cochez : <strong>j&rsquo;ai \u00e9t\u00e9 choqu\u00e9 par le contenu d&rsquo;une s\u00e9quence ou d&rsquo;un programme<\/strong><\/li><li>S\u00e9lectionnez : <strong>Propos ou images d\u00e9gradantes, discriminantes ou diffamantes.<\/strong><\/li><li>S\u00e9lectionnez ensuite <strong>\u00ab\u00a0Incitation \u00e0 la haine et\/ou \u00e0 la violence<\/strong>\u00ab\u00a0<\/li><li>Description de l\u2019alerte : <strong>Dans le r\u00e9cit qu\u2019il fait de l\u2019agriculteur qui a tu\u00e9, fin mars \u00e0 Longr\u00e9 en Charente, l\u2019un de ses cambrioleurs, le journaliste Vincent Hervou\u00ebt \u00e9num\u00e8re les diff\u00e9rentes probl\u00e9matiques que rencontrent les agriculteurs, et notamment les pillages. Il encha\u00eene ensuite en visant la communaut\u00e9 musulmane, l\u2019accusant de voler des moutons pendant le ramadan.<\/strong><\/li><li>Terminez en indiquant vos coordonn\u00e9es.<\/li><\/ul>","protected":false},"excerpt":{"rendered":"<p>30 mars 2022, sur CNEWS, dans l\u2019\u00e9mission L\u2019Heure des Pros 2. Dans un d\u00e9bat portant sur la possible victoire de Marine Le Pen aux \u00e9lections pr\u00e9sidentielles, le journaliste (chef sur service \u201cEtranger\u201d sur LCI) Vincent Hervou\u00ebt \u00e9voque le d\u00e9ni d\u2019Emmanuel Macron face aux revendications de certains agriculteurs. Dans le r\u00e9cit qu\u2019il fait de l\u2019agriculteur qui a tu\u00e9, fin mars \u00e0 Longr\u00e9 en Charente, l\u2019un de ses cambrioleurs, il \u00e9num\u00e8re les diff\u00e9rentes probl\u00e9matiques que rencontrent les agriculteurs, et notamment les pillages. Il encha\u00eene ensuite en visant la communaut\u00e9 musulmane : Vincent Hervou\u00ebt : On rentre dans le ramadan. \u00c7a va \u00eatre les moutons qui vont \u00eatre\u2026 enlev\u00e9s. Elisabeth L\u00e9vy : On ne leur enl\u00e8ve pas de force\u2026 VH : Eh bien si, bien s\u00fbr que si ! Il y a des vols de moutons. EL : Ah pardon. VH : Avant l\u2019Aid, il y a des vols partout, de moutons. Alors qu\u2019Elisabeth L\u00e9vy semble choqu\u00e9e par cette information, Vincent Hervou\u00ebt continue sa d\u00e9monstration pour \u00e9voquer la solitude des agriculteurs. L\u2019animateur de l\u2019\u00e9mission, Pascal Praud, reste silencieux. Il faudra attendre plusieurs minutes avant qu\u2019il ne reprenne la parole pour annoncer la suite du d\u00e9bat. En plus de faire erreur sur la p\u00e9riode (le ramadan, qui d\u00e9butait effectivement quelques jours plus tard, est un mois de je\u00fbne qui se termine par une f\u00eate qui n\u2019a rien \u00e0 voir avec la f\u00eate du sacrifice, qui elle a lieu, cette ann\u00e9e, en juillet 2022), Vincent Hervou\u00ebt vise clairement la communaut\u00e9 musulmane et appuie une id\u00e9e raciste qui a son ancrage depuis longtemps, en particulier depuis que M. Sarkozy a parl\u00e9 des moutons \u00e9gorg\u00e9s dans les baignoires des musulmans. Dans un contexte de prise de parole o\u00f9 M. Hervou\u00ebt d\u00e9fend un agriculteur qui s\u2019est fait justice lui-m\u00eame \u00e0 l\u2019aide de son fusil de chasse, il semble \u00e9vident que cette information sur les vols de moutons pendant le ramadan incite \u00e0 la haine, \u00e0 la violence ou \u00e0 la discrimination \u00e0 l\u2019encontre d\u2019un groupe d\u00e9termin\u00e9 en raison de son appartenance religieuse. Le CCIE a donc d\u00e9cid\u00e9 de d\u00e9poser plainte contre Vincent Hervou\u00ebt, Pascal Praud et CNEWS. Nous vous invitons \u00e0 effectuer un signalement aupr\u00e8s du CSA (ARCOM) en vous rendant sur ce lien et en compl\u00e9tant le formulaire. Le nombre de personnes qui saisissent le CSA a son importance dans la prise en charge du dossier. Afin de vous faciliter le travail, nous avons regroup\u00e9 les informations n\u00e9cessaires au signalement ci-dessous : Je suis particulier Type de m\u00e9dia : T\u00e9l\u00e9vision Type de programme concern\u00e9 : Emission \/ Fiction \/ Information Nom de la cha\u00eene : CNEWS Date de diffusion : 31\/03\/2022 Heure de diffusion : 20:00 Heure de la s\u00e9quence : 20:12 Nom de l&rsquo;\u00e9mission : Autre &gt; L&rsquo;Heure des Pros 2 Cochez : j&rsquo;ai \u00e9t\u00e9 choqu\u00e9 par le contenu d&rsquo;une s\u00e9quence ou d&rsquo;un programme S\u00e9lectionnez : Propos ou images d\u00e9gradantes, discriminantes ou diffamantes. S\u00e9lectionnez ensuite \u00ab\u00a0Incitation \u00e0 la haine et\/ou \u00e0 la violence\u00ab\u00a0 Description de l\u2019alerte : Dans le r\u00e9cit qu\u2019il fait de l\u2019agriculteur qui a tu\u00e9, fin mars \u00e0 Longr\u00e9 en Charente, l\u2019un de ses cambrioleurs, le journaliste Vincent Hervou\u00ebt \u00e9num\u00e8re les diff\u00e9rentes probl\u00e9matiques que rencontrent les agriculteurs, et notamment les pillages. Il encha\u00eene ensuite en visant la communaut\u00e9 musulmane, l\u2019accusant de voler des moutons pendant le ramadan. Terminez en indiquant vos coordonn\u00e9es.<\/p>","protected":false},"author":1,"featured_media":31544,"comment_status":"closed","ping_status":"open","sticky":false,"template":"","format":"standard","meta":{"give_campaign_id":0,"cybocfi_hide_featured_image":"","footnotes":""},"categories":[65],"tags":[],"class_list":["post-31542","post","type-post","status-publish","format-standard","has-post-thumbnail","hentry","category-actualites"],"yoast_head":"<!-- This site is optimized with the Yoast SEO plugin v26.4 - https:\/\/yoast.com\/wordpress\/plugins\/seo\/ -->\n<title>Les moutons vol\u00e9s pendant le ramadan : saisissez le CSA - CCIE<\/title>\n<meta name=\"robots\" content=\"index, follow, max-snippet:-1, max-image-preview:large, max-video-preview:-1\" \/>\n<link rel=\"canonical\" href=\"https:\/\/ccieurope.org\/nl\/2022\/04\/24\/les-moutons-voles-pendant-le-ramadan-saisissez-le-csa\/\" \/>\n<meta property=\"og:locale\" content=\"nl_BE\" \/>\n<meta property=\"og:type\" content=\"article\" \/>\n<meta property=\"og:title\" content=\"Les moutons vol\u00e9s pendant le ramadan : saisissez le CSA - CCIE\" \/>\n<meta property=\"og:description\" content=\"30 mars 2022, sur CNEWS, dans l\u2019\u00e9mission L\u2019Heure des Pros 2. Dans un d\u00e9bat portant sur la possible victoire de Marine Le Pen aux \u00e9lections pr\u00e9sidentielles, le journaliste (chef sur service \u201cEtranger\u201d sur LCI) Vincent Hervou\u00ebt \u00e9voque le d\u00e9ni d\u2019Emmanuel Macron face aux revendications de certains agriculteurs. Dans le r\u00e9cit qu\u2019il fait de l\u2019agriculteur qui a tu\u00e9, fin mars \u00e0 Longr\u00e9 en Charente, l\u2019un de ses cambrioleurs, il \u00e9num\u00e8re les diff\u00e9rentes probl\u00e9matiques que rencontrent les agriculteurs, et notamment les pillages. Il encha\u00eene ensuite en visant la communaut\u00e9 musulmane : Vincent Hervou\u00ebt : On rentre dans le ramadan. \u00c7a va \u00eatre les moutons qui vont \u00eatre\u2026 enlev\u00e9s. Elisabeth L\u00e9vy : On ne leur enl\u00e8ve pas de force\u2026 VH : Eh bien si, bien s\u00fbr que si ! Il y a des vols de moutons. EL : Ah pardon. VH : Avant l\u2019Aid, il y a des vols partout, de moutons. Alors qu\u2019Elisabeth L\u00e9vy semble choqu\u00e9e par cette information, Vincent Hervou\u00ebt continue sa d\u00e9monstration pour \u00e9voquer la solitude des agriculteurs. L\u2019animateur de l\u2019\u00e9mission, Pascal Praud, reste silencieux. Il faudra attendre plusieurs minutes avant qu\u2019il ne reprenne la parole pour annoncer la suite du d\u00e9bat. En plus de faire erreur sur la p\u00e9riode (le ramadan, qui d\u00e9butait effectivement quelques jours plus tard, est un mois de je\u00fbne qui se termine par une f\u00eate qui n\u2019a rien \u00e0 voir avec la f\u00eate du sacrifice, qui elle a lieu, cette ann\u00e9e, en juillet 2022), Vincent Hervou\u00ebt vise clairement la communaut\u00e9 musulmane et appuie une id\u00e9e raciste qui a son ancrage depuis longtemps, en particulier depuis que M. Sarkozy a parl\u00e9 des moutons \u00e9gorg\u00e9s dans les baignoires des musulmans. Dans un contexte de prise de parole o\u00f9 M. Hervou\u00ebt d\u00e9fend un agriculteur qui s\u2019est fait justice lui-m\u00eame \u00e0 l\u2019aide de son fusil de chasse, il semble \u00e9vident que cette information sur les vols de moutons pendant le ramadan incite \u00e0 la haine, \u00e0 la violence ou \u00e0 la discrimination \u00e0 l\u2019encontre d\u2019un groupe d\u00e9termin\u00e9 en raison de son appartenance religieuse. Le CCIE a donc d\u00e9cid\u00e9 de d\u00e9poser plainte contre Vincent Hervou\u00ebt, Pascal Praud et CNEWS. Nous vous invitons \u00e0 effectuer un signalement aupr\u00e8s du CSA (ARCOM) en vous rendant sur ce lien et en compl\u00e9tant le formulaire. Le nombre de personnes qui saisissent le CSA a son importance dans la prise en charge du dossier. Afin de vous faciliter le travail, nous avons regroup\u00e9 les informations n\u00e9cessaires au signalement ci-dessous : Je suis particulier Type de m\u00e9dia : T\u00e9l\u00e9vision Type de programme concern\u00e9 : Emission \/ Fiction \/ Information Nom de la cha\u00eene : CNEWS Date de diffusion : 31\/03\/2022 Heure de diffusion : 20:00 Heure de la s\u00e9quence : 20:12 Nom de l&rsquo;\u00e9mission : Autre &gt; L&rsquo;Heure des Pros 2 Cochez : j&rsquo;ai \u00e9t\u00e9 choqu\u00e9 par le contenu d&rsquo;une s\u00e9quence ou d&rsquo;un programme S\u00e9lectionnez : Propos ou images d\u00e9gradantes, discriminantes ou diffamantes. S\u00e9lectionnez ensuite \u00ab\u00a0Incitation \u00e0 la haine et\/ou \u00e0 la violence\u00ab\u00a0 Description de l\u2019alerte : Dans le r\u00e9cit qu\u2019il fait de l\u2019agriculteur qui a tu\u00e9, fin mars \u00e0 Longr\u00e9 en Charente, l\u2019un de ses cambrioleurs, le journaliste Vincent Hervou\u00ebt \u00e9num\u00e8re les diff\u00e9rentes probl\u00e9matiques que rencontrent les agriculteurs, et notamment les pillages. Il encha\u00eene ensuite en visant la communaut\u00e9 musulmane, l\u2019accusant de voler des moutons pendant le ramadan. Terminez en indiquant vos coordonn\u00e9es.\" \/>\n<meta property=\"og:url\" content=\"https:\/\/ccieurope.org\/nl\/2022\/04\/24\/les-moutons-voles-pendant-le-ramadan-saisissez-le-csa\/\" \/>\n<meta property=\"og:site_name\" content=\"CCIE\" \/>\n<meta property=\"article:publisher\" content=\"https:\/\/www.facebook.com\/ccieurope.org\" \/>\n<meta property=\"article:published_time\" content=\"2022-04-24T13:57:31+00:00\" \/>\n<meta property=\"article:modified_time\" content=\"2024-01-30T15:43:26+00:00\" \/>\n<meta name=\"author\" content=\"CCIE\" \/>\n<meta name=\"twitter:card\" content=\"summary_large_image\" \/>\n<meta name=\"twitter:creator\" content=\"@CCIEurope\" \/>\n<meta name=\"twitter:site\" content=\"@CCIEurope\" \/>\n<meta name=\"twitter:label1\" content=\"Geschreven door\" \/>\n\t<meta name=\"twitter:data1\" content=\"CCIE\" \/>\n\t<meta name=\"twitter:label2\" content=\"Geschatte leestijd\" \/>\n\t<meta name=\"twitter:data2\" content=\"3 minuten\" \/>\n<script type=\"application\/ld+json\" class=\"yoast-schema-graph\">{\"@context\":\"https:\/\/schema.org\",\"@graph\":[{\"@type\":\"Article\",\"@id\":\"https:\/\/ccieurope.org\/2022\/04\/24\/les-moutons-voles-pendant-le-ramadan-saisissez-le-csa\/#article\",\"isPartOf\":{\"@id\":\"https:\/\/ccieurope.org\/2022\/04\/24\/les-moutons-voles-pendant-le-ramadan-saisissez-le-csa\/\"},\"author\":{\"name\":\"CCIE\",\"@id\":\"https:\/\/ccieurope.org\/#\/schema\/person\/4f79fdec292029b6b4c5daad08e5892f\"},\"headline\":\"Les moutons vol\u00e9s pendant le ramadan : saisissez le CSA\",\"datePublished\":\"2022-04-24T13:57:31+00:00\",\"dateModified\":\"2024-01-30T15:43:26+00:00\",\"mainEntityOfPage\":{\"@id\":\"https:\/\/ccieurope.org\/2022\/04\/24\/les-moutons-voles-pendant-le-ramadan-saisissez-le-csa\/\"},\"wordCount\":600,\"publisher\":{\"@id\":\"https:\/\/ccieurope.org\/#organization\"},\"image\":{\"@id\":\"https:\/\/ccieurope.org\/2022\/04\/24\/les-moutons-voles-pendant-le-ramadan-saisissez-le-csa\/#primaryimage\"},\"thumbnailUrl\":\"\",\"articleSection\":[\"Actualit\u00e9s\"],\"inLanguage\":\"nl-BE\"},{\"@type\":\"WebPage\",\"@id\":\"https:\/\/ccieurope.org\/2022\/04\/24\/les-moutons-voles-pendant-le-ramadan-saisissez-le-csa\/\",\"url\":\"https:\/\/ccieurope.org\/2022\/04\/24\/les-moutons-voles-pendant-le-ramadan-saisissez-le-csa\/\",\"name\":\"Les moutons vol\u00e9s pendant le ramadan : saisissez le CSA - CCIE\",\"isPartOf\":{\"@id\":\"https:\/\/ccieurope.org\/#website\"},\"primaryImageOfPage\":{\"@id\":\"https:\/\/ccieurope.org\/2022\/04\/24\/les-moutons-voles-pendant-le-ramadan-saisissez-le-csa\/#primaryimage\"},\"image\":{\"@id\":\"https:\/\/ccieurope.org\/2022\/04\/24\/les-moutons-voles-pendant-le-ramadan-saisissez-le-csa\/#primaryimage\"},\"thumbnailUrl\":\"\",\"datePublished\":\"2022-04-24T13:57:31+00:00\",\"dateModified\":\"2024-01-30T15:43:26+00:00\",\"breadcrumb\":{\"@id\":\"https:\/\/ccieurope.org\/2022\/04\/24\/les-moutons-voles-pendant-le-ramadan-saisissez-le-csa\/#breadcrumb\"},\"inLanguage\":\"nl-BE\",\"potentialAction\":[{\"@type\":\"ReadAction\",\"target\":[\"https:\/\/ccieurope.org\/2022\/04\/24\/les-moutons-voles-pendant-le-ramadan-saisissez-le-csa\/\"]}]},{\"@type\":\"ImageObject\",\"inLanguage\":\"nl-BE\",\"@id\":\"https:\/\/ccieurope.org\/2022\/04\/24\/les-moutons-voles-pendant-le-ramadan-saisissez-le-csa\/#primaryimage\",\"url\":\"\",\"contentUrl\":\"\"},{\"@type\":\"BreadcrumbList\",\"@id\":\"https:\/\/ccieurope.org\/2022\/04\/24\/les-moutons-voles-pendant-le-ramadan-saisissez-le-csa\/#breadcrumb\",\"itemListElement\":[{\"@type\":\"ListItem\",\"position\":1,\"name\":\"Accueil\",\"item\":\"https:\/\/ccieurope.org\/\"},{\"@type\":\"ListItem\",\"position\":2,\"name\":\"Les moutons vol\u00e9s pendant le ramadan : saisissez le CSA\"}]},{\"@type\":\"WebSite\",\"@id\":\"https:\/\/ccieurope.org\/#website\",\"url\":\"https:\/\/ccieurope.org\/\",\"name\":\"CCIE\",\"description\":\"Collectif Contre l&#039;Islamophobie en Europe\",\"publisher\":{\"@id\":\"https:\/\/ccieurope.org\/#organization\"},\"potentialAction\":[{\"@type\":\"SearchAction\",\"target\":{\"@type\":\"EntryPoint\",\"urlTemplate\":\"https:\/\/ccieurope.org\/?s={search_term_string}\"},\"query-input\":{\"@type\":\"PropertyValueSpecification\",\"valueRequired\":true,\"valueName\":\"search_term_string\"}}],\"inLanguage\":\"nl-BE\"},{\"@type\":\"Organization\",\"@id\":\"https:\/\/ccieurope.org\/#organization\",\"name\":\"CCIE\",\"url\":\"https:\/\/ccieurope.org\/\",\"logo\":{\"@type\":\"ImageObject\",\"inLanguage\":\"nl-BE\",\"@id\":\"https:\/\/ccieurope.org\/#\/schema\/logo\/image\/\",\"url\":\"https:\/\/ccieurope.org\/wp-content\/uploads\/2021\/02\/Groupe-11.png\",\"contentUrl\":\"https:\/\/ccieurope.org\/wp-content\/uploads\/2021\/02\/Groupe-11.png\",\"width\":539,\"height\":307,\"caption\":\"CCIE\"},\"image\":{\"@id\":\"https:\/\/ccieurope.org\/#\/schema\/logo\/image\/\"},\"sameAs\":[\"https:\/\/www.facebook.com\/ccieurope.org\",\"https:\/\/x.com\/CCIEurope\",\"https:\/\/www.instagram.com\/ccieofficial\/\"]},{\"@type\":\"Person\",\"@id\":\"https:\/\/ccieurope.org\/#\/schema\/person\/4f79fdec292029b6b4c5daad08e5892f\",\"name\":\"CCIE\",\"image\":{\"@type\":\"ImageObject\",\"inLanguage\":\"nl-BE\",\"@id\":\"https:\/\/ccieurope.org\/#\/schema\/person\/image\/\",\"url\":\"https:\/\/secure.gravatar.com\/avatar\/8ef1e6e0853254fe8a5f8e1d34431357ecdb44101307e8b7f4088a5d15467cbf?s=96&d=mm&r=g\",\"contentUrl\":\"https:\/\/secure.gravatar.com\/avatar\/8ef1e6e0853254fe8a5f8e1d34431357ecdb44101307e8b7f4088a5d15467cbf?s=96&d=mm&r=g\",\"caption\":\"CCIE\"},\"sameAs\":[\"https:\/\/prime.ccieurope.org\"],\"url\":\"https:\/\/ccieurope.org\/nl\/author\/ccieprime\/\"}]}<\/script>\n<!-- \/ Yoast SEO plugin. -->","yoast_head_json":{"title":"Les moutons vol\u00e9s pendant le ramadan : saisissez le CSA - CCIE","robots":{"index":"index","follow":"follow","max-snippet":"max-snippet:-1","max-image-preview":"max-image-preview:large","max-video-preview":"max-video-preview:-1"},"canonical":"https:\/\/ccieurope.org\/nl\/2022\/04\/24\/les-moutons-voles-pendant-le-ramadan-saisissez-le-csa\/","og_locale":"nl_BE","og_type":"article","og_title":"Les moutons vol\u00e9s pendant le ramadan : saisissez le CSA - CCIE","og_description":"30 mars 2022, sur CNEWS, dans l\u2019\u00e9mission L\u2019Heure des Pros 2. Dans un d\u00e9bat portant sur la possible victoire de Marine Le Pen aux \u00e9lections pr\u00e9sidentielles, le journaliste (chef sur service \u201cEtranger\u201d sur LCI) Vincent Hervou\u00ebt \u00e9voque le d\u00e9ni d\u2019Emmanuel Macron face aux revendications de certains agriculteurs. Dans le r\u00e9cit qu\u2019il fait de l\u2019agriculteur qui a tu\u00e9, fin mars \u00e0 Longr\u00e9 en Charente, l\u2019un de ses cambrioleurs, il \u00e9num\u00e8re les diff\u00e9rentes probl\u00e9matiques que rencontrent les agriculteurs, et notamment les pillages. Il encha\u00eene ensuite en visant la communaut\u00e9 musulmane : Vincent Hervou\u00ebt : On rentre dans le ramadan. \u00c7a va \u00eatre les moutons qui vont \u00eatre\u2026 enlev\u00e9s. Elisabeth L\u00e9vy : On ne leur enl\u00e8ve pas de force\u2026 VH : Eh bien si, bien s\u00fbr que si ! Il y a des vols de moutons. EL : Ah pardon. VH : Avant l\u2019Aid, il y a des vols partout, de moutons. Alors qu\u2019Elisabeth L\u00e9vy semble choqu\u00e9e par cette information, Vincent Hervou\u00ebt continue sa d\u00e9monstration pour \u00e9voquer la solitude des agriculteurs. L\u2019animateur de l\u2019\u00e9mission, Pascal Praud, reste silencieux. Il faudra attendre plusieurs minutes avant qu\u2019il ne reprenne la parole pour annoncer la suite du d\u00e9bat. En plus de faire erreur sur la p\u00e9riode (le ramadan, qui d\u00e9butait effectivement quelques jours plus tard, est un mois de je\u00fbne qui se termine par une f\u00eate qui n\u2019a rien \u00e0 voir avec la f\u00eate du sacrifice, qui elle a lieu, cette ann\u00e9e, en juillet 2022), Vincent Hervou\u00ebt vise clairement la communaut\u00e9 musulmane et appuie une id\u00e9e raciste qui a son ancrage depuis longtemps, en particulier depuis que M. Sarkozy a parl\u00e9 des moutons \u00e9gorg\u00e9s dans les baignoires des musulmans. Dans un contexte de prise de parole o\u00f9 M. Hervou\u00ebt d\u00e9fend un agriculteur qui s\u2019est fait justice lui-m\u00eame \u00e0 l\u2019aide de son fusil de chasse, il semble \u00e9vident que cette information sur les vols de moutons pendant le ramadan incite \u00e0 la haine, \u00e0 la violence ou \u00e0 la discrimination \u00e0 l\u2019encontre d\u2019un groupe d\u00e9termin\u00e9 en raison de son appartenance religieuse. Le CCIE a donc d\u00e9cid\u00e9 de d\u00e9poser plainte contre Vincent Hervou\u00ebt, Pascal Praud et CNEWS. Nous vous invitons \u00e0 effectuer un signalement aupr\u00e8s du CSA (ARCOM) en vous rendant sur ce lien et en compl\u00e9tant le formulaire. Le nombre de personnes qui saisissent le CSA a son importance dans la prise en charge du dossier. Afin de vous faciliter le travail, nous avons regroup\u00e9 les informations n\u00e9cessaires au signalement ci-dessous : Je suis particulier Type de m\u00e9dia : T\u00e9l\u00e9vision Type de programme concern\u00e9 : Emission \/ Fiction \/ Information Nom de la cha\u00eene : CNEWS Date de diffusion : 31\/03\/2022 Heure de diffusion : 20:00 Heure de la s\u00e9quence : 20:12 Nom de l&rsquo;\u00e9mission : Autre &gt; L&rsquo;Heure des Pros 2 Cochez : j&rsquo;ai \u00e9t\u00e9 choqu\u00e9 par le contenu d&rsquo;une s\u00e9quence ou d&rsquo;un programme S\u00e9lectionnez : Propos ou images d\u00e9gradantes, discriminantes ou diffamantes. S\u00e9lectionnez ensuite \u00ab\u00a0Incitation \u00e0 la haine et\/ou \u00e0 la violence\u00ab\u00a0 Description de l\u2019alerte : Dans le r\u00e9cit qu\u2019il fait de l\u2019agriculteur qui a tu\u00e9, fin mars \u00e0 Longr\u00e9 en Charente, l\u2019un de ses cambrioleurs, le journaliste Vincent Hervou\u00ebt \u00e9num\u00e8re les diff\u00e9rentes probl\u00e9matiques que rencontrent les agriculteurs, et notamment les pillages. Il encha\u00eene ensuite en visant la communaut\u00e9 musulmane, l\u2019accusant de voler des moutons pendant le ramadan. Terminez en indiquant vos coordonn\u00e9es.","og_url":"https:\/\/ccieurope.org\/nl\/2022\/04\/24\/les-moutons-voles-pendant-le-ramadan-saisissez-le-csa\/","og_site_name":"CCIE","article_publisher":"https:\/\/www.facebook.com\/ccieurope.org","article_published_time":"2022-04-24T13:57:31+00:00","article_modified_time":"2024-01-30T15:43:26+00:00","author":"CCIE","twitter_card":"summary_large_image","twitter_creator":"@CCIEurope","twitter_site":"@CCIEurope","twitter_misc":{"Geschreven door":"CCIE","Geschatte leestijd":"3 minuten"},"schema":{"@context":"https:\/\/schema.org","@graph":[{"@type":"Article","@id":"https:\/\/ccieurope.org\/2022\/04\/24\/les-moutons-voles-pendant-le-ramadan-saisissez-le-csa\/#article","isPartOf":{"@id":"https:\/\/ccieurope.org\/2022\/04\/24\/les-moutons-voles-pendant-le-ramadan-saisissez-le-csa\/"},"author":{"name":"CCIE","@id":"https:\/\/ccieurope.org\/#\/schema\/person\/4f79fdec292029b6b4c5daad08e5892f"},"headline":"Les moutons vol\u00e9s pendant le ramadan : saisissez le CSA","datePublished":"2022-04-24T13:57:31+00:00","dateModified":"2024-01-30T15:43:26+00:00","mainEntityOfPage":{"@id":"https:\/\/ccieurope.org\/2022\/04\/24\/les-moutons-voles-pendant-le-ramadan-saisissez-le-csa\/"},"wordCount":600,"publisher":{"@id":"https:\/\/ccieurope.org\/#organization"},"image":{"@id":"https:\/\/ccieurope.org\/2022\/04\/24\/les-moutons-voles-pendant-le-ramadan-saisissez-le-csa\/#primaryimage"},"thumbnailUrl":"","articleSection":["Actualit\u00e9s"],"inLanguage":"nl-BE"},{"@type":"WebPage","@id":"https:\/\/ccieurope.org\/2022\/04\/24\/les-moutons-voles-pendant-le-ramadan-saisissez-le-csa\/","url":"https:\/\/ccieurope.org\/2022\/04\/24\/les-moutons-voles-pendant-le-ramadan-saisissez-le-csa\/","name":"Les moutons vol\u00e9s pendant le ramadan : saisissez le CSA - CCIE","isPartOf":{"@id":"https:\/\/ccieurope.org\/#website"},"primaryImageOfPage":{"@id":"https:\/\/ccieurope.org\/2022\/04\/24\/les-moutons-voles-pendant-le-ramadan-saisissez-le-csa\/#primaryimage"},"image":{"@id":"https:\/\/ccieurope.org\/2022\/04\/24\/les-moutons-voles-pendant-le-ramadan-saisissez-le-csa\/#primaryimage"},"thumbnailUrl":"","datePublished":"2022-04-24T13:57:31+00:00","dateModified":"2024-01-30T15:43:26+00:00","breadcrumb":{"@id":"https:\/\/ccieurope.org\/2022\/04\/24\/les-moutons-voles-pendant-le-ramadan-saisissez-le-csa\/#breadcrumb"},"inLanguage":"nl-BE","potentialAction":[{"@type":"ReadAction","target":["https:\/\/ccieurope.org\/2022\/04\/24\/les-moutons-voles-pendant-le-ramadan-saisissez-le-csa\/"]}]},{"@type":"ImageObject","inLanguage":"nl-BE","@id":"https:\/\/ccieurope.org\/2022\/04\/24\/les-moutons-voles-pendant-le-ramadan-saisissez-le-csa\/#primaryimage","url":"","contentUrl":""},{"@type":"BreadcrumbList","@id":"https:\/\/ccieurope.org\/2022\/04\/24\/les-moutons-voles-pendant-le-ramadan-saisissez-le-csa\/#breadcrumb","itemListElement":[{"@type":"ListItem","position":1,"name":"Accueil","item":"https:\/\/ccieurope.org\/"},{"@type":"ListItem","position":2,"name":"Les moutons vol\u00e9s pendant le ramadan : saisissez le CSA"}]},{"@type":"WebSite","@id":"https:\/\/ccieurope.org\/#website","url":"https:\/\/ccieurope.org\/","name":"CCIE","description":"Collectif Contre l&#039;Islamophobie en Europe","publisher":{"@id":"https:\/\/ccieurope.org\/#organization"},"potentialAction":[{"@type":"SearchAction","target":{"@type":"EntryPoint","urlTemplate":"https:\/\/ccieurope.org\/?s={search_term_string}"},"query-input":{"@type":"PropertyValueSpecification","valueRequired":true,"valueName":"search_term_string"}}],"inLanguage":"nl-BE"},{"@type":"Organization","@id":"https:\/\/ccieurope.org\/#organization","name":"CCIE","url":"https:\/\/ccieurope.org\/","logo":{"@type":"ImageObject","inLanguage":"nl-BE","@id":"https:\/\/ccieurope.org\/#\/schema\/logo\/image\/","url":"https:\/\/ccieurope.org\/wp-content\/uploads\/2021\/02\/Groupe-11.png","contentUrl":"https:\/\/ccieurope.org\/wp-content\/uploads\/2021\/02\/Groupe-11.png","width":539,"height":307,"caption":"CCIE"},"image":{"@id":"https:\/\/ccieurope.org\/#\/schema\/logo\/image\/"},"sameAs":["https:\/\/www.facebook.com\/ccieurope.org","https:\/\/x.com\/CCIEurope","https:\/\/www.instagram.com\/ccieofficial\/"]},{"@type":"Person","@id":"https:\/\/ccieurope.org\/#\/schema\/person\/4f79fdec292029b6b4c5daad08e5892f","name":"CCIE","image":{"@type":"ImageObject","inLanguage":"nl-BE","@id":"https:\/\/ccieurope.org\/#\/schema\/person\/image\/","url":"https:\/\/secure.gravatar.com\/avatar\/8ef1e6e0853254fe8a5f8e1d34431357ecdb44101307e8b7f4088a5d15467cbf?s=96&d=mm&r=g","contentUrl":"https:\/\/secure.gravatar.com\/avatar\/8ef1e6e0853254fe8a5f8e1d34431357ecdb44101307e8b7f4088a5d15467cbf?s=96&d=mm&r=g","caption":"CCIE"},"sameAs":["https:\/\/prime.ccieurope.org"],"url":"https:\/\/ccieurope.org\/nl\/author\/ccieprime\/"}]}},"_links":{"self":[{"href":"https:\/\/ccieurope.org\/nl\/wp-json\/wp\/v2\/posts\/31542","targetHints":{"allow":["GET"]}}],"collection":[{"href":"https:\/\/ccieurope.org\/nl\/wp-json\/wp\/v2\/posts"}],"about":[{"href":"https:\/\/ccieurope.org\/nl\/wp-json\/wp\/v2\/types\/post"}],"author":[{"embeddable":true,"href":"https:\/\/ccieurope.org\/nl\/wp-json\/wp\/v2\/users\/1"}],"replies":[{"embeddable":true,"href":"https:\/\/ccieurope.org\/nl\/wp-json\/wp\/v2\/comments?post=31542"}],"version-history":[{"count":1,"href":"https:\/\/ccieurope.org\/nl\/wp-json\/wp\/v2\/posts\/31542\/revisions"}],"predecessor-version":[{"id":33604,"href":"https:\/\/ccieurope.org\/nl\/wp-json\/wp\/v2\/posts\/31542\/revisions\/33604"}],"wp:featuredmedia":[{"embeddable":true,"href":"https:\/\/ccieurope.org\/nl\/wp-json\/"}],"wp:attachment":[{"href":"https:\/\/ccieurope.org\/nl\/wp-json\/wp\/v2\/media?parent=31542"}],"wp:term":[{"taxonomy":"category","embeddable":true,"href":"https:\/\/ccieurope.org\/nl\/wp-json\/wp\/v2\/categories?post=31542"},{"taxonomy":"post_tag","embeddable":true,"href":"https:\/\/ccieurope.org\/nl\/wp-json\/wp\/v2\/tags?post=31542"}],"curies":[{"name":"wp","href":"https:\/\/api.w.org\/{rel}","templated":true}]}}