{"id":34306,"date":"2025-03-15T18:00:00","date_gmt":"2025-03-15T17:00:00","guid":{"rendered":"https:\/\/ccieurope.org\/?p=34306"},"modified":"2025-03-13T16:44:01","modified_gmt":"2025-03-13T15:44:01","slug":"ensemble-portons-la-memoire-de-srebrenica-30-ans-dun-genocide-europeen","status":"publish","type":"post","link":"https:\/\/ccieurope.org\/nl\/2025\/03\/15\/ensemble-portons-la-memoire-de-srebrenica-30-ans-dun-genocide-europeen\/","title":{"rendered":"Ensemble, portons la m\u00e9moire de Srebrenica &#8211; 30 ans d&rsquo;un g\u00e9nocide europ\u00e9en"},"content":{"rendered":"<p>Cette ann\u00e9e marque le 30e anniversaire du g\u00e9nocide des Bosniaques musulmans de Srebrenica, un crime islamophobe d\u2019une barbarie inqualifiable, le pire perp\u00e9tr\u00e9 en Europe depuis la Seconde Guerre mondiale. En juillet 1995, plus de 8 000 hommes et adolescents ont \u00e9t\u00e9 massacr\u00e9s sous les yeux du monde, dans une tentative d\u2019\u00e9radication m\u00e9thodique d\u2019une communaut\u00e9 enti\u00e8re.<\/p>\n\n\n\n<p>Trente ans plus tard, il est de notre devoir de pr\u00e9server la m\u00e9moire des victimes et de tirer les le\u00e7ons de cette trag\u00e9die. La comm\u00e9moration de cet anniversaire est une occasion essentielle de rendre hommage aux disparus, de rappeler la n\u00e9cessit\u00e9 de lutter contre la haine et l\u2019intol\u00e9rance, et d\u2019affirmer notre engagement pour une Europe de paix et de justice.<\/p>\n\n\n\n<p>Depuis chez vous, votre ville, votre association ou l\u2019\u00e9cole de votre enfant, participez \u00e0 cette \u0153uvre de m\u00e9moire en organisant un \u00e9v\u00e9nement : conf\u00e9rence, table ronde, exposition, projection, c\u00e9r\u00e9monie comm\u00e9morative\u2026 Chaque initiative compte pour faire vivre le souvenir et sensibiliser les g\u00e9n\u00e9rations futures.<\/p>\n\n\n\n<p>Au-del\u00e0 de l\u2019hommage, cette comm\u00e9moration sera aussi un moment de rencontre et de r\u00e9flexion collective sur l\u2019Europe que nous voulons b\u00e2tir, dans un contexte o\u00f9 l\u2019extr\u00eame droite et les discours de division gagnent du terrain. Face aux d\u00e9rives nationalistes et aux r\u00e9surgences du rejet de l\u2019autre, rappelons ensemble que la m\u00e9moire est une arme contre l\u2019oubli et un socle pour un avenir fond\u00e9 sur la paix, la solidarit\u00e9 et le respect des droits humains.<\/p>\n\n\n\n<p>Ne laissons pas l\u2019histoire se r\u00e9p\u00e9ter. Agissons, souvenons-nous, et portons haut la m\u00e9moire de Srebrenica.<\/p>\n\n\n\n<figure class=\"wp-block-embed is-type-video is-provider-youtube wp-block-embed-youtube wp-embed-aspect-16-9 wp-has-aspect-ratio\"><div class=\"wp-block-embed__wrapper\">\n<iframe title=\"Ensemble, portons la m\u00e9moire de #Srebrenica - 30 ans d&#039;un g\u00e9nocide europ\u00e9en\" width=\"500\" height=\"281\" src=\"https:\/\/www.youtube.com\/embed\/MuAN4Of_Y_w?feature=oembed&amp;wmode=opaque\"  allow=\"accelerometer; autoplay; clipboard-write; encrypted-media; gyroscope; picture-in-picture; web-share\" referrerpolicy=\"strict-origin-when-cross-origin\" allowfullscreen><\/iframe>\n<\/div><\/figure>\n\n\n\n<p><\/p>","protected":false},"excerpt":{"rendered":"<p>Cette ann\u00e9e marque le 30e anniversaire du g\u00e9nocide des Bosniaques musulmans de Srebrenica, un crime islamophobe d\u2019une barbarie inqualifiable, le pire perp\u00e9tr\u00e9 en Europe depuis la Seconde Guerre mondiale.<\/p>","protected":false},"author":1,"featured_media":34307,"comment_status":"closed","ping_status":"closed","sticky":false,"template":"","format":"video","meta":{"give_campaign_id":0,"cybocfi_hide_featured_image":"","footnotes":""},"categories":[74],"tags":[118,119,117,116],"class_list":["post-34306","post","type-post","status-publish","format-video","has-post-thumbnail","hentry","category-videos","tag-11-juillet-1995","tag-bosnie","tag-ccie","tag-srebrenica","post_format-post-format-video"],"yoast_head":"<!-- This site is optimized with the Yoast SEO plugin v26.4 - https:\/\/yoast.com\/wordpress\/plugins\/seo\/ -->\n<title>Ensemble, portons la m\u00e9moire de Srebrenica - 30 ans d&#039;un g\u00e9nocide europ\u00e9en - CCIE<\/title>\n<meta name=\"robots\" content=\"index, follow, max-snippet:-1, max-image-preview:large, max-video-preview:-1\" \/>\n<link rel=\"canonical\" href=\"https:\/\/ccieurope.org\/nl\/2025\/03\/15\/ensemble-portons-la-memoire-de-srebrenica-30-ans-dun-genocide-europeen\/\" \/>\n<meta property=\"og:locale\" content=\"nl_BE\" \/>\n<meta property=\"og:type\" content=\"article\" \/>\n<meta property=\"og:title\" content=\"Ensemble, portons la m\u00e9moire de Srebrenica - 30 ans d&#039;un g\u00e9nocide europ\u00e9en - CCIE\" \/>\n<meta property=\"og:description\" content=\"Cette ann\u00e9e marque le 30e anniversaire du g\u00e9nocide des Bosniaques musulmans de Srebrenica, un crime islamophobe d\u2019une barbarie inqualifiable, le pire perp\u00e9tr\u00e9 en Europe depuis la Seconde Guerre mondiale.\" \/>\n<meta property=\"og:url\" content=\"https:\/\/ccieurope.org\/nl\/2025\/03\/15\/ensemble-portons-la-memoire-de-srebrenica-30-ans-dun-genocide-europeen\/\" \/>\n<meta property=\"og:site_name\" content=\"CCIE\" \/>\n<meta property=\"article:publisher\" content=\"https:\/\/www.facebook.com\/ccieurope.org\" \/>\n<meta property=\"article:published_time\" content=\"2025-03-15T17:00:00+00:00\" \/>\n<meta property=\"og:image\" content=\"https:\/\/ccieurope.org\/wp-content\/uploads\/2025\/03\/Srebrenica-Annonce-commemoration-15.03.25.png\" \/>\n\t<meta property=\"og:image:width\" content=\"580\" \/>\n\t<meta property=\"og:image:height\" content=\"750\" \/>\n\t<meta property=\"og:image:type\" content=\"image\/png\" \/>\n<meta name=\"author\" content=\"CCIE\" \/>\n<meta name=\"twitter:card\" content=\"summary_large_image\" \/>\n<meta name=\"twitter:creator\" content=\"@CCIEurope\" \/>\n<meta name=\"twitter:site\" content=\"@CCIEurope\" \/>\n<meta name=\"twitter:label1\" content=\"Geschreven door\" \/>\n\t<meta name=\"twitter:data1\" content=\"CCIE\" \/>\n\t<meta name=\"twitter:label2\" content=\"Geschatte leestijd\" \/>\n\t<meta name=\"twitter:data2\" content=\"1 minuut\" \/>\n<script type=\"application\/ld+json\" class=\"yoast-schema-graph\">{\"@context\":\"https:\/\/schema.org\",\"@graph\":[{\"@type\":\"Article\",\"@id\":\"https:\/\/ccieurope.org\/2025\/03\/15\/ensemble-portons-la-memoire-de-srebrenica-30-ans-dun-genocide-europeen\/#article\",\"isPartOf\":{\"@id\":\"https:\/\/ccieurope.org\/2025\/03\/15\/ensemble-portons-la-memoire-de-srebrenica-30-ans-dun-genocide-europeen\/\"},\"author\":{\"name\":\"CCIE\",\"@id\":\"https:\/\/ccieurope.org\/#\/schema\/person\/4f79fdec292029b6b4c5daad08e5892f\"},\"headline\":\"Ensemble, portons la m\u00e9moire de Srebrenica &#8211; 30 ans d&rsquo;un g\u00e9nocide europ\u00e9en\",\"datePublished\":\"2025-03-15T17:00:00+00:00\",\"mainEntityOfPage\":{\"@id\":\"https:\/\/ccieurope.org\/2025\/03\/15\/ensemble-portons-la-memoire-de-srebrenica-30-ans-dun-genocide-europeen\/\"},\"wordCount\":308,\"publisher\":{\"@id\":\"https:\/\/ccieurope.org\/#organization\"},\"image\":{\"@id\":\"https:\/\/ccieurope.org\/2025\/03\/15\/ensemble-portons-la-memoire-de-srebrenica-30-ans-dun-genocide-europeen\/#primaryimage\"},\"thumbnailUrl\":\"https:\/\/ccieurope.org\/wp-content\/uploads\/2025\/03\/Srebrenica-Annonce-commemoration-15.03.25.png\",\"keywords\":[\"11 juillet 1995\",\"bosnie\",\"ccie\",\"srebrenica\"],\"articleSection\":[\"Vid\u00e9os\"],\"inLanguage\":\"nl-BE\"},{\"@type\":\"WebPage\",\"@id\":\"https:\/\/ccieurope.org\/2025\/03\/15\/ensemble-portons-la-memoire-de-srebrenica-30-ans-dun-genocide-europeen\/\",\"url\":\"https:\/\/ccieurope.org\/2025\/03\/15\/ensemble-portons-la-memoire-de-srebrenica-30-ans-dun-genocide-europeen\/\",\"name\":\"Ensemble, portons la m\u00e9moire de Srebrenica - 30 ans d'un g\u00e9nocide europ\u00e9en - CCIE\",\"isPartOf\":{\"@id\":\"https:\/\/ccieurope.org\/#website\"},\"primaryImageOfPage\":{\"@id\":\"https:\/\/ccieurope.org\/2025\/03\/15\/ensemble-portons-la-memoire-de-srebrenica-30-ans-dun-genocide-europeen\/#primaryimage\"},\"image\":{\"@id\":\"https:\/\/ccieurope.org\/2025\/03\/15\/ensemble-portons-la-memoire-de-srebrenica-30-ans-dun-genocide-europeen\/#primaryimage\"},\"thumbnailUrl\":\"https:\/\/ccieurope.org\/wp-content\/uploads\/2025\/03\/Srebrenica-Annonce-commemoration-15.03.25.png\",\"datePublished\":\"2025-03-15T17:00:00+00:00\",\"breadcrumb\":{\"@id\":\"https:\/\/ccieurope.org\/2025\/03\/15\/ensemble-portons-la-memoire-de-srebrenica-30-ans-dun-genocide-europeen\/#breadcrumb\"},\"inLanguage\":\"nl-BE\",\"potentialAction\":[{\"@type\":\"ReadAction\",\"target\":[\"https:\/\/ccieurope.org\/2025\/03\/15\/ensemble-portons-la-memoire-de-srebrenica-30-ans-dun-genocide-europeen\/\"]}]},{\"@type\":\"ImageObject\",\"inLanguage\":\"nl-BE\",\"@id\":\"https:\/\/ccieurope.org\/2025\/03\/15\/ensemble-portons-la-memoire-de-srebrenica-30-ans-dun-genocide-europeen\/#primaryimage\",\"url\":\"https:\/\/ccieurope.org\/wp-content\/uploads\/2025\/03\/Srebrenica-Annonce-commemoration-15.03.25.png\",\"contentUrl\":\"https:\/\/ccieurope.org\/wp-content\/uploads\/2025\/03\/Srebrenica-Annonce-commemoration-15.03.25.png\",\"width\":580,\"height\":750},{\"@type\":\"BreadcrumbList\",\"@id\":\"https:\/\/ccieurope.org\/2025\/03\/15\/ensemble-portons-la-memoire-de-srebrenica-30-ans-dun-genocide-europeen\/#breadcrumb\",\"itemListElement\":[{\"@type\":\"ListItem\",\"position\":1,\"name\":\"Accueil\",\"item\":\"https:\/\/ccieurope.org\/\"},{\"@type\":\"ListItem\",\"position\":2,\"name\":\"Ensemble, portons la m\u00e9moire de Srebrenica &#8211; 30 ans d&#8217;un g\u00e9nocide europ\u00e9en\"}]},{\"@type\":\"WebSite\",\"@id\":\"https:\/\/ccieurope.org\/#website\",\"url\":\"https:\/\/ccieurope.org\/\",\"name\":\"CCIE\",\"description\":\"Collectif Contre l&#039;Islamophobie en Europe\",\"publisher\":{\"@id\":\"https:\/\/ccieurope.org\/#organization\"},\"potentialAction\":[{\"@type\":\"SearchAction\",\"target\":{\"@type\":\"EntryPoint\",\"urlTemplate\":\"https:\/\/ccieurope.org\/?s={search_term_string}\"},\"query-input\":{\"@type\":\"PropertyValueSpecification\",\"valueRequired\":true,\"valueName\":\"search_term_string\"}}],\"inLanguage\":\"nl-BE\"},{\"@type\":\"Organization\",\"@id\":\"https:\/\/ccieurope.org\/#organization\",\"name\":\"CCIE\",\"url\":\"https:\/\/ccieurope.org\/\",\"logo\":{\"@type\":\"ImageObject\",\"inLanguage\":\"nl-BE\",\"@id\":\"https:\/\/ccieurope.org\/#\/schema\/logo\/image\/\",\"url\":\"https:\/\/ccieurope.org\/wp-content\/uploads\/2021\/02\/Groupe-11.png\",\"contentUrl\":\"https:\/\/ccieurope.org\/wp-content\/uploads\/2021\/02\/Groupe-11.png\",\"width\":539,\"height\":307,\"caption\":\"CCIE\"},\"image\":{\"@id\":\"https:\/\/ccieurope.org\/#\/schema\/logo\/image\/\"},\"sameAs\":[\"https:\/\/www.facebook.com\/ccieurope.org\",\"https:\/\/x.com\/CCIEurope\",\"https:\/\/www.instagram.com\/ccieofficial\/\"]},{\"@type\":\"Person\",\"@id\":\"https:\/\/ccieurope.org\/#\/schema\/person\/4f79fdec292029b6b4c5daad08e5892f\",\"name\":\"CCIE\",\"image\":{\"@type\":\"ImageObject\",\"inLanguage\":\"nl-BE\",\"@id\":\"https:\/\/ccieurope.org\/#\/schema\/person\/image\/\",\"url\":\"https:\/\/secure.gravatar.com\/avatar\/8ef1e6e0853254fe8a5f8e1d34431357ecdb44101307e8b7f4088a5d15467cbf?s=96&d=mm&r=g\",\"contentUrl\":\"https:\/\/secure.gravatar.com\/avatar\/8ef1e6e0853254fe8a5f8e1d34431357ecdb44101307e8b7f4088a5d15467cbf?s=96&d=mm&r=g\",\"caption\":\"CCIE\"},\"sameAs\":[\"https:\/\/prime.ccieurope.org\"],\"url\":\"https:\/\/ccieurope.org\/nl\/author\/ccieprime\/\"}]}<\/script>\n<!-- \/ Yoast SEO plugin. -->","yoast_head_json":{"title":"Ensemble, portons la m\u00e9moire de Srebrenica - 30 ans d'un g\u00e9nocide europ\u00e9en - CCIE","robots":{"index":"index","follow":"follow","max-snippet":"max-snippet:-1","max-image-preview":"max-image-preview:large","max-video-preview":"max-video-preview:-1"},"canonical":"https:\/\/ccieurope.org\/nl\/2025\/03\/15\/ensemble-portons-la-memoire-de-srebrenica-30-ans-dun-genocide-europeen\/","og_locale":"nl_BE","og_type":"article","og_title":"Ensemble, portons la m\u00e9moire de Srebrenica - 30 ans d'un g\u00e9nocide europ\u00e9en - CCIE","og_description":"Cette ann\u00e9e marque le 30e anniversaire du g\u00e9nocide des Bosniaques musulmans de Srebrenica, un crime islamophobe d\u2019une barbarie inqualifiable, le pire perp\u00e9tr\u00e9 en Europe depuis la Seconde Guerre mondiale.","og_url":"https:\/\/ccieurope.org\/nl\/2025\/03\/15\/ensemble-portons-la-memoire-de-srebrenica-30-ans-dun-genocide-europeen\/","og_site_name":"CCIE","article_publisher":"https:\/\/www.facebook.com\/ccieurope.org","article_published_time":"2025-03-15T17:00:00+00:00","og_image":[{"width":580,"height":750,"url":"https:\/\/ccieurope.org\/wp-content\/uploads\/2025\/03\/Srebrenica-Annonce-commemoration-15.03.25.png","type":"image\/png"}],"author":"CCIE","twitter_card":"summary_large_image","twitter_creator":"@CCIEurope","twitter_site":"@CCIEurope","twitter_misc":{"Geschreven door":"CCIE","Geschatte leestijd":"1 minuut"},"schema":{"@context":"https:\/\/schema.org","@graph":[{"@type":"Article","@id":"https:\/\/ccieurope.org\/2025\/03\/15\/ensemble-portons-la-memoire-de-srebrenica-30-ans-dun-genocide-europeen\/#article","isPartOf":{"@id":"https:\/\/ccieurope.org\/2025\/03\/15\/ensemble-portons-la-memoire-de-srebrenica-30-ans-dun-genocide-europeen\/"},"author":{"name":"CCIE","@id":"https:\/\/ccieurope.org\/#\/schema\/person\/4f79fdec292029b6b4c5daad08e5892f"},"headline":"Ensemble, portons la m\u00e9moire de Srebrenica &#8211; 30 ans d&rsquo;un g\u00e9nocide europ\u00e9en","datePublished":"2025-03-15T17:00:00+00:00","mainEntityOfPage":{"@id":"https:\/\/ccieurope.org\/2025\/03\/15\/ensemble-portons-la-memoire-de-srebrenica-30-ans-dun-genocide-europeen\/"},"wordCount":308,"publisher":{"@id":"https:\/\/ccieurope.org\/#organization"},"image":{"@id":"https:\/\/ccieurope.org\/2025\/03\/15\/ensemble-portons-la-memoire-de-srebrenica-30-ans-dun-genocide-europeen\/#primaryimage"},"thumbnailUrl":"https:\/\/ccieurope.org\/wp-content\/uploads\/2025\/03\/Srebrenica-Annonce-commemoration-15.03.25.png","keywords":["11 juillet 1995","bosnie","ccie","srebrenica"],"articleSection":["Vid\u00e9os"],"inLanguage":"nl-BE"},{"@type":"WebPage","@id":"https:\/\/ccieurope.org\/2025\/03\/15\/ensemble-portons-la-memoire-de-srebrenica-30-ans-dun-genocide-europeen\/","url":"https:\/\/ccieurope.org\/2025\/03\/15\/ensemble-portons-la-memoire-de-srebrenica-30-ans-dun-genocide-europeen\/","name":"Ensemble, portons la m\u00e9moire de Srebrenica - 30 ans d'un g\u00e9nocide europ\u00e9en - CCIE","isPartOf":{"@id":"https:\/\/ccieurope.org\/#website"},"primaryImageOfPage":{"@id":"https:\/\/ccieurope.org\/2025\/03\/15\/ensemble-portons-la-memoire-de-srebrenica-30-ans-dun-genocide-europeen\/#primaryimage"},"image":{"@id":"https:\/\/ccieurope.org\/2025\/03\/15\/ensemble-portons-la-memoire-de-srebrenica-30-ans-dun-genocide-europeen\/#primaryimage"},"thumbnailUrl":"https:\/\/ccieurope.org\/wp-content\/uploads\/2025\/03\/Srebrenica-Annonce-commemoration-15.03.25.png","datePublished":"2025-03-15T17:00:00+00:00","breadcrumb":{"@id":"https:\/\/ccieurope.org\/2025\/03\/15\/ensemble-portons-la-memoire-de-srebrenica-30-ans-dun-genocide-europeen\/#breadcrumb"},"inLanguage":"nl-BE","potentialAction":[{"@type":"ReadAction","target":["https:\/\/ccieurope.org\/2025\/03\/15\/ensemble-portons-la-memoire-de-srebrenica-30-ans-dun-genocide-europeen\/"]}]},{"@type":"ImageObject","inLanguage":"nl-BE","@id":"https:\/\/ccieurope.org\/2025\/03\/15\/ensemble-portons-la-memoire-de-srebrenica-30-ans-dun-genocide-europeen\/#primaryimage","url":"https:\/\/ccieurope.org\/wp-content\/uploads\/2025\/03\/Srebrenica-Annonce-commemoration-15.03.25.png","contentUrl":"https:\/\/ccieurope.org\/wp-content\/uploads\/2025\/03\/Srebrenica-Annonce-commemoration-15.03.25.png","width":580,"height":750},{"@type":"BreadcrumbList","@id":"https:\/\/ccieurope.org\/2025\/03\/15\/ensemble-portons-la-memoire-de-srebrenica-30-ans-dun-genocide-europeen\/#breadcrumb","itemListElement":[{"@type":"ListItem","position":1,"name":"Accueil","item":"https:\/\/ccieurope.org\/"},{"@type":"ListItem","position":2,"name":"Ensemble, portons la m\u00e9moire de Srebrenica &#8211; 30 ans d&#8217;un g\u00e9nocide europ\u00e9en"}]},{"@type":"WebSite","@id":"https:\/\/ccieurope.org\/#website","url":"https:\/\/ccieurope.org\/","name":"CCIE","description":"Collectif Contre l&#039;Islamophobie en Europe","publisher":{"@id":"https:\/\/ccieurope.org\/#organization"},"potentialAction":[{"@type":"SearchAction","target":{"@type":"EntryPoint","urlTemplate":"https:\/\/ccieurope.org\/?s={search_term_string}"},"query-input":{"@type":"PropertyValueSpecification","valueRequired":true,"valueName":"search_term_string"}}],"inLanguage":"nl-BE"},{"@type":"Organization","@id":"https:\/\/ccieurope.org\/#organization","name":"CCIE","url":"https:\/\/ccieurope.org\/","logo":{"@type":"ImageObject","inLanguage":"nl-BE","@id":"https:\/\/ccieurope.org\/#\/schema\/logo\/image\/","url":"https:\/\/ccieurope.org\/wp-content\/uploads\/2021\/02\/Groupe-11.png","contentUrl":"https:\/\/ccieurope.org\/wp-content\/uploads\/2021\/02\/Groupe-11.png","width":539,"height":307,"caption":"CCIE"},"image":{"@id":"https:\/\/ccieurope.org\/#\/schema\/logo\/image\/"},"sameAs":["https:\/\/www.facebook.com\/ccieurope.org","https:\/\/x.com\/CCIEurope","https:\/\/www.instagram.com\/ccieofficial\/"]},{"@type":"Person","@id":"https:\/\/ccieurope.org\/#\/schema\/person\/4f79fdec292029b6b4c5daad08e5892f","name":"CCIE","image":{"@type":"ImageObject","inLanguage":"nl-BE","@id":"https:\/\/ccieurope.org\/#\/schema\/person\/image\/","url":"https:\/\/secure.gravatar.com\/avatar\/8ef1e6e0853254fe8a5f8e1d34431357ecdb44101307e8b7f4088a5d15467cbf?s=96&d=mm&r=g","contentUrl":"https:\/\/secure.gravatar.com\/avatar\/8ef1e6e0853254fe8a5f8e1d34431357ecdb44101307e8b7f4088a5d15467cbf?s=96&d=mm&r=g","caption":"CCIE"},"sameAs":["https:\/\/prime.ccieurope.org"],"url":"https:\/\/ccieurope.org\/nl\/author\/ccieprime\/"}]}},"_links":{"self":[{"href":"https:\/\/ccieurope.org\/nl\/wp-json\/wp\/v2\/posts\/34306","targetHints":{"allow":["GET"]}}],"collection":[{"href":"https:\/\/ccieurope.org\/nl\/wp-json\/wp\/v2\/posts"}],"about":[{"href":"https:\/\/ccieurope.org\/nl\/wp-json\/wp\/v2\/types\/post"}],"author":[{"embeddable":true,"href":"https:\/\/ccieurope.org\/nl\/wp-json\/wp\/v2\/users\/1"}],"replies":[{"embeddable":true,"href":"https:\/\/ccieurope.org\/nl\/wp-json\/wp\/v2\/comments?post=34306"}],"version-history":[{"count":2,"href":"https:\/\/ccieurope.org\/nl\/wp-json\/wp\/v2\/posts\/34306\/revisions"}],"predecessor-version":[{"id":34309,"href":"https:\/\/ccieurope.org\/nl\/wp-json\/wp\/v2\/posts\/34306\/revisions\/34309"}],"wp:featuredmedia":[{"embeddable":true,"href":"https:\/\/ccieurope.org\/nl\/wp-json\/wp\/v2\/media\/34307"}],"wp:attachment":[{"href":"https:\/\/ccieurope.org\/nl\/wp-json\/wp\/v2\/media?parent=34306"}],"wp:term":[{"taxonomy":"category","embeddable":true,"href":"https:\/\/ccieurope.org\/nl\/wp-json\/wp\/v2\/categories?post=34306"},{"taxonomy":"post_tag","embeddable":true,"href":"https:\/\/ccieurope.org\/nl\/wp-json\/wp\/v2\/tags?post=34306"}],"curies":[{"name":"wp","href":"https:\/\/api.w.org\/{rel}","templated":true}]}}